{"id":1152,"date":"2023-07-08T10:31:46","date_gmt":"2023-07-08T13:31:46","guid":{"rendered":"https:\/\/broasdecenteio.com.br\/01\/?p=1152"},"modified":"2023-08-11T10:23:06","modified_gmt":"2023-08-11T13:23:06","slug":"mais-curiosidades-carne-de-onca","status":"publish","type":"post","link":"https:\/\/broasdecenteio.com.br\/01\/2023\/07\/08\/mais-curiosidades-carne-de-onca\/","title":{"rendered":"Mais curiosidades: Carne de On\u00e7a"},"content":{"rendered":"\t\t<div data-elementor-type=\"wp-post\" data-elementor-id=\"1152\" class=\"elementor elementor-1152\">\n\t\t\t\t\t\t<section class=\"elementor-section elementor-top-section elementor-element elementor-element-4c9b81f elementor-section-boxed elementor-section-height-default elementor-section-height-default wpr-particle-no wpr-jarallax-no wpr-parallax-no wpr-sticky-section-no\" data-id=\"4c9b81f\" data-element_type=\"section\" data-e-type=\"section\">\n\t\t\t\t\t\t<div class=\"elementor-container elementor-column-gap-default\">\n\t\t\t\t\t<div class=\"elementor-column elementor-col-100 elementor-top-column elementor-element elementor-element-7b876cf\" data-id=\"7b876cf\" data-element_type=\"column\" data-e-type=\"column\">\n\t\t\t<div class=\"elementor-widget-wrap elementor-element-populated\">\n\t\t\t\t\t\t<div class=\"elementor-element elementor-element-9dd57c6 elementor-widget elementor-widget-image\" data-id=\"9dd57c6\" data-element_type=\"widget\" data-e-type=\"widget\" data-widget_type=\"image.default\">\n\t\t\t\t<div class=\"elementor-widget-container\">\n\t\t\t\t\t\t\t\t\t\t\t\t\t\t\t<img fetchpriority=\"high\" decoding=\"async\" width=\"1024\" height=\"768\" src=\"https:\/\/broasdecenteio.com.br\/01\/wp-content\/uploads\/2023\/07\/FOTO-SERGIO-DIVULGACAO-ATUAL-1.jpg\" class=\"attachment-large size-large wp-image-1154\" alt=\"\" srcset=\"https:\/\/broasdecenteio.com.br\/01\/wp-content\/uploads\/2023\/07\/FOTO-SERGIO-DIVULGACAO-ATUAL-1.jpg 1024w, https:\/\/broasdecenteio.com.br\/01\/wp-content\/uploads\/2023\/07\/FOTO-SERGIO-DIVULGACAO-ATUAL-1-300x225.jpg 300w, https:\/\/broasdecenteio.com.br\/01\/wp-content\/uploads\/2023\/07\/FOTO-SERGIO-DIVULGACAO-ATUAL-1-768x576.jpg 768w\" sizes=\"(max-width: 1024px) 100vw, 1024px\" \/>\t\t\t\t\t\t\t\t\t\t\t\t\t\t\t<\/div>\n\t\t\t\t<\/div>\n\t\t\t\t<div class=\"elementor-element elementor-element-d6e6ce3 elementor-widget elementor-widget-text-editor\" data-id=\"d6e6ce3\" data-element_type=\"widget\" data-e-type=\"widget\" data-widget_type=\"text-editor.default\">\n\t\t\t\t<div class=\"elementor-widget-container\">\n\t\t\t\t\t\t\t\t\t<p>Sergio Medeiros de Curitiba Honesta &#8211; FOTO: Alaize Cavalheiro<\/p>\t\t\t\t\t\t\t\t<\/div>\n\t\t\t\t<\/div>\n\t\t\t\t<div class=\"elementor-element elementor-element-eb6e151 elementor-widget elementor-widget-heading\" data-id=\"eb6e151\" data-element_type=\"widget\" data-e-type=\"widget\" data-widget_type=\"heading.default\">\n\t\t\t\t<div class=\"elementor-widget-container\">\n\t\t\t\t\t<h2 class=\"elementor-heading-title elementor-size-default\"><p style=\"text-align:justify\"><b><span style=\"font-size:20.0pt;line-height:115%\">Mais curiosidades: Carne de On\u00e7a<\/span><\/b><span style=\"color: var( --e-global-color-primary );font-family: var( --e-global-typography-primary-font-family ), Sans-serif;font-size: var(--h2fontsize);font-weight: var( --e-global-typography-primary-font-weight );letter-spacing: var(--h2letterspacing);text-transform: var(--h2texttransform);background-color: var(--nv-site-bg)\"><\/span><\/p><\/h2>\t\t\t\t<\/div>\n\t\t\t\t<\/div>\n\t\t\t\t\t<\/div>\n\t\t<\/div>\n\t\t\t\t\t<\/div>\n\t\t<\/section>\n\t\t\t\t<section class=\"elementor-section elementor-top-section elementor-element elementor-element-32a4062 elementor-section-boxed elementor-section-height-default elementor-section-height-default wpr-particle-no wpr-jarallax-no wpr-parallax-no wpr-sticky-section-no\" data-id=\"32a4062\" data-element_type=\"section\" data-e-type=\"section\">\n\t\t\t\t\t\t<div class=\"elementor-container elementor-column-gap-default\">\n\t\t\t\t\t<div class=\"elementor-column elementor-col-100 elementor-top-column elementor-element elementor-element-560715e\" data-id=\"560715e\" data-element_type=\"column\" data-e-type=\"column\">\n\t\t\t<div class=\"elementor-widget-wrap elementor-element-populated\">\n\t\t\t\t\t\t<div class=\"elementor-element elementor-element-9eb8b5f elementor-widget elementor-widget-text-editor\" data-id=\"9eb8b5f\" data-element_type=\"widget\" data-e-type=\"widget\" data-widget_type=\"text-editor.default\">\n\t\t\t\t<div class=\"elementor-widget-container\">\n\t\t\t\t\t\t\t\t\t<p><strong>Quando algu\u00e9m de fora chega a Curitiba, mesmo que falando portugu\u00eas, em algum momento ir\u00e1 se deparar com algumas express\u00f5es que s\u00e3o parte do linguajar local, como por exemplo, penal, japona e vina, que s\u00e3o parte de uma extensa lista de palavras utilizadas coloquialmente na cidade. <\/strong><\/p><p><strong>Carne de On\u00e7a \u00e9 sem duvida parte desta esta lista tipicamente curitibana. Para falar da Carne de On\u00e7a o Blog de Centeio foi conversar com algu\u00e9m que sabe muito sobre o tema.\u00a0 Sergio Medeiros, respons\u00e1vel pela organiza\u00e7\u00e3o do Festival da Carne de On\u00e7a de Curitiba, que este ano de 2023, celebrar\u00e1 sua s\u00e9tima edi\u00e7\u00e3o!<\/strong><\/p><p><strong>Como surgiu a Carne de On\u00e7a?<\/strong><\/p><p>Ela \u00e9 uma adapta\u00e7\u00e3o da hackepeter, um prato t\u00edpico alem\u00e3o, heran\u00e7a dos imigrantes dessa origem europeia que chegaram a Curitiba a final do s\u00e9culo XIX e nas primeiras d\u00e9cadas do s\u00e9culo XX. Aqui rapidamente se transformou numa iguaria e j\u00e1 a partir da d\u00e9cada dos anos trinta era presente principalmente nos bares.<\/p><p><strong>Que bares eram esses? <\/strong><\/p><p>Foram v\u00e1rios bares, restaurantes e cantinas que serviam <strong>Carne de On\u00e7a.<\/strong>\u00a0 Eu conheci e entrevistei uma \u201cfigura\u00e7a\u201d do ambiente dos bares de Curitiba, que era o Ligeirinho. Ele foi gar\u00e7om de um dos bares ic\u00f4nicos de Curitiba, o \u201cBar Stuart\u201d famoso pelos pratos ex\u00f3ticos servidos a sua clientela, e ele tinha umas hist\u00f3rias fant\u00e1sticas, muitas delas vinculadas a Carne de On\u00e7a, ao time Brit\u00e2nia e ao seu presidente Cristiano Schmidt conhecido como \u201cTatu\u201d, propriet\u00e1rio do bar o \u201cBuraco do Tat\u00fa\u201d, que na d\u00e9cada dos anos cinquenta junto a outro bar a \u201cGruta da On\u00e7a\u201d e ao Stuart popularizaram a Carne de On\u00e7a na cidade.\u00a0<\/p>\t\t\t\t\t\t\t\t<\/div>\n\t\t\t\t<\/div>\n\t\t\t\t\t<\/div>\n\t\t<\/div>\n\t\t\t\t\t<\/div>\n\t\t<\/section>\n\t\t\t\t<section class=\"elementor-section elementor-top-section elementor-element elementor-element-58bb084 elementor-section-boxed elementor-section-height-default elementor-section-height-default wpr-particle-no wpr-jarallax-no wpr-parallax-no wpr-sticky-section-no\" data-id=\"58bb084\" data-element_type=\"section\" data-e-type=\"section\">\n\t\t\t\t\t\t<div class=\"elementor-container elementor-column-gap-default\">\n\t\t\t\t\t<div class=\"elementor-column elementor-col-100 elementor-top-column elementor-element elementor-element-0a3e043\" data-id=\"0a3e043\" data-element_type=\"column\" data-e-type=\"column\">\n\t\t\t<div class=\"elementor-widget-wrap elementor-element-populated\">\n\t\t\t\t\t\t<div class=\"elementor-element elementor-element-3e85dbb elementor-widget elementor-widget-image\" data-id=\"3e85dbb\" data-element_type=\"widget\" data-e-type=\"widget\" data-widget_type=\"image.default\">\n\t\t\t\t<div class=\"elementor-widget-container\">\n\t\t\t\t\t\t\t\t\t\t\t\t\t\t\t<img decoding=\"async\" width=\"1024\" height=\"683\" src=\"https:\/\/broasdecenteio.com.br\/01\/wp-content\/uploads\/2023\/07\/CARNE-DE-ONCA-QUINTAL-ALTA-1024x683.jpg\" class=\"attachment-large size-large wp-image-1155\" alt=\"\" srcset=\"https:\/\/broasdecenteio.com.br\/01\/wp-content\/uploads\/2023\/07\/CARNE-DE-ONCA-QUINTAL-ALTA-1024x683.jpg 1024w, https:\/\/broasdecenteio.com.br\/01\/wp-content\/uploads\/2023\/07\/CARNE-DE-ONCA-QUINTAL-ALTA-300x200.jpg 300w, https:\/\/broasdecenteio.com.br\/01\/wp-content\/uploads\/2023\/07\/CARNE-DE-ONCA-QUINTAL-ALTA-768x512.jpg 768w, https:\/\/broasdecenteio.com.br\/01\/wp-content\/uploads\/2023\/07\/CARNE-DE-ONCA-QUINTAL-ALTA-1536x1024.jpg 1536w, https:\/\/broasdecenteio.com.br\/01\/wp-content\/uploads\/2023\/07\/CARNE-DE-ONCA-QUINTAL-ALTA-2048x1366.jpg 2048w\" sizes=\"(max-width: 1024px) 100vw, 1024px\" \/>\t\t\t\t\t\t\t\t\t\t\t\t\t\t\t<\/div>\n\t\t\t\t<\/div>\n\t\t\t\t<div class=\"elementor-element elementor-element-cd10bc3 elementor-widget elementor-widget-text-editor\" data-id=\"cd10bc3\" data-element_type=\"widget\" data-e-type=\"widget\" data-widget_type=\"text-editor.default\">\n\t\t\t\t<div class=\"elementor-widget-container\">\n\t\t\t\t\t\t\t\t\t<p>Carne de On\u00e7a \u2013 FOTO: Gean Cavalheiro<\/p>\t\t\t\t\t\t\t\t<\/div>\n\t\t\t\t<\/div>\n\t\t\t\t\t<\/div>\n\t\t<\/div>\n\t\t\t\t\t<\/div>\n\t\t<\/section>\n\t\t\t\t<section class=\"elementor-section elementor-top-section elementor-element elementor-element-4088437 elementor-section-boxed elementor-section-height-default elementor-section-height-default wpr-particle-no wpr-jarallax-no wpr-parallax-no wpr-sticky-section-no\" data-id=\"4088437\" data-element_type=\"section\" data-e-type=\"section\">\n\t\t\t\t\t\t<div class=\"elementor-container elementor-column-gap-default\">\n\t\t\t\t\t<div class=\"elementor-column elementor-col-100 elementor-top-column elementor-element elementor-element-b12ee9c\" data-id=\"b12ee9c\" data-element_type=\"column\" data-e-type=\"column\">\n\t\t\t<div class=\"elementor-widget-wrap elementor-element-populated\">\n\t\t\t\t\t\t<div class=\"elementor-element elementor-element-3bada4b elementor-widget elementor-widget-text-editor\" data-id=\"3bada4b\" data-element_type=\"widget\" data-e-type=\"widget\" data-widget_type=\"text-editor.default\">\n\t\t\t\t<div class=\"elementor-widget-container\">\n\t\t\t\t\t\t\t\t\t<p><strong>Que ingredientes leva essa receita? <\/strong><\/p><p>Entretanto o hackepeter \u00e9 feito a base de carne de porco crua mo\u00edda condimentada, aqui a nossa Carne de On\u00e7a \u00e9 feita com broa de centeio, carne crua mo\u00edda bovina (patinho), cebola branca e cebolinha bem cortadinha, com tr\u00eas temperos, azeite de oliva extra virgem, pimenta do reino e sal. Acompanha mostarda de prefer\u00eancia escura e uma cervejinha gelada!<\/p><p><strong>Que fatores est\u00e3o atualmente impulsionando o conhecimento por parte do publico da Carne de On\u00e7a? <\/strong><\/p><p>\u00c9 um conjunto de fatores. Por um lado, que \u00e9 um prato com muita historia. A <strong>Carne de On\u00e7a<\/strong> j\u00e1 era servida na d\u00e9cada dos anos trinta, muito antes que se popularizasse nos anos cinquenta. Depois disso sua popularidade continuou muito forte durante as d\u00e9cadas dos oitenta e noventa em diversos restaurantes. Por outro lado, j\u00e1 desde 2014, todo ano organizamos com a Curitiba Honesta, os Festivais da Carne de On\u00e7a, onde participam uma quantidade importante de bares. Tamb\u00e9m foi muito importante que em 2016 a C\u00e2mara Municipal votou por unanimidade um projeto de lei que declarou a Carne de On\u00e7a como Patrim\u00f4nio Cultural Imaterial da cidade de Curitiba. Agora, um grupo de empres\u00e1rios est\u00e1 se organizando com a ajuda do SEBRAE, para que a Carne de On\u00e7a seja uma Indica\u00e7\u00e3o Geogr\u00e1fica.<\/p><p><strong>O fortalecimento destas duas tradi\u00e7\u00f5es curitibanas, a Carne de On\u00e7a e um dos seus ingredientes a Broa de Centeio, serve como elemento diferenciador de Curitiba como destino gastron\u00f4mico. <\/strong><\/p>\t\t\t\t\t\t\t\t<\/div>\n\t\t\t\t<\/div>\n\t\t\t\t\t<\/div>\n\t\t<\/div>\n\t\t\t\t\t<\/div>\n\t\t<\/section>\n\t\t\t\t<section class=\"elementor-section elementor-top-section elementor-element elementor-element-3a18409 elementor-section-boxed elementor-section-height-default elementor-section-height-default wpr-particle-no wpr-jarallax-no wpr-parallax-no wpr-sticky-section-no\" data-id=\"3a18409\" data-element_type=\"section\" data-e-type=\"section\">\n\t\t\t\t\t\t<div class=\"elementor-container elementor-column-gap-default\">\n\t\t\t\t\t<div class=\"elementor-column elementor-col-100 elementor-top-column elementor-element elementor-element-83bc4bc\" data-id=\"83bc4bc\" data-element_type=\"column\" data-e-type=\"column\">\n\t\t\t<div class=\"elementor-widget-wrap elementor-element-populated\">\n\t\t\t\t\t\t<div class=\"elementor-element elementor-element-6b4aa9c elementor-widget elementor-widget-heading\" data-id=\"6b4aa9c\" data-element_type=\"widget\" data-e-type=\"widget\" data-widget_type=\"heading.default\">\n\t\t\t\t<div class=\"elementor-widget-container\">\n\t\t\t\t\t<h2 class=\"elementor-heading-title elementor-size-default\">At\u00e9 o pr\u00f3ximo Blog de Centeio, que j\u00e1 est\u00e1 fermentando!<\/h2>\t\t\t\t<\/div>\n\t\t\t\t<\/div>\n\t\t\t\t\t<\/div>\n\t\t<\/div>\n\t\t\t\t\t<\/div>\n\t\t<\/section>\n\t\t\t\t<\/div>\n\t\t","protected":false},"excerpt":{"rendered":"<p>Sergio Medeiros de Curitiba Honesta &#8211; FOTO: Alaize Cavalheiro Mais curiosidades: Carne de On\u00e7a Quando algu\u00e9m de fora chega a Curitiba, mesmo que falando portugu\u00eas, em algum momento ir\u00e1 se deparar com algumas express\u00f5es que s\u00e3o parte do linguajar local, como por exemplo, penal, japona e vina, que s\u00e3o parte de uma extensa lista de palavras utilizadas coloquialmente na cidade. Carne de On\u00e7a \u00e9 sem duvida parte desta esta lista tipicamente curitibana. Para falar da Carne de On\u00e7a o Blog de Centeio foi conversar com algu\u00e9m que sabe muito sobre o tema.\u00a0 Sergio Medeiros, respons\u00e1vel pela organiza\u00e7\u00e3o do Festival da Carne de On\u00e7a de Curitiba, que este ano de 2023, celebrar\u00e1 sua s\u00e9tima edi\u00e7\u00e3o! Como surgiu a Carne de On\u00e7a? Ela \u00e9 uma adapta\u00e7\u00e3o da hackepeter, um prato t\u00edpico alem\u00e3o, heran\u00e7a dos imigrantes dessa origem europeia que chegaram a Curitiba a final do s\u00e9culo XIX e nas primeiras d\u00e9cadas do s\u00e9culo XX. Aqui rapidamente se transformou numa iguaria e j\u00e1 a partir da d\u00e9cada dos anos trinta era presente principalmente nos bares. Que bares eram esses? Foram v\u00e1rios bares, restaurantes e cantinas que serviam Carne de On\u00e7a.\u00a0 Eu conheci e entrevistei uma \u201cfigura\u00e7a\u201d do ambiente dos bares de Curitiba, que era o Ligeirinho. Ele foi gar\u00e7om de um dos bares ic\u00f4nicos de Curitiba, o \u201cBar Stuart\u201d famoso pelos pratos ex\u00f3ticos servidos a sua clientela, e ele tinha umas hist\u00f3rias fant\u00e1sticas, muitas delas vinculadas a Carne de On\u00e7a, ao time Brit\u00e2nia e ao seu presidente Cristiano Schmidt conhecido como \u201cTatu\u201d, propriet\u00e1rio do bar o \u201cBuraco do Tat\u00fa\u201d, que na d\u00e9cada dos anos cinquenta junto a outro bar a \u201cGruta da On\u00e7a\u201d e ao Stuart popularizaram a Carne de On\u00e7a na cidade.\u00a0 Carne de On\u00e7a \u2013 FOTO: Gean Cavalheiro Que ingredientes leva essa receita? Entretanto o hackepeter \u00e9 feito a base de carne de porco crua mo\u00edda condimentada, aqui a nossa Carne de On\u00e7a \u00e9 feita com broa de centeio, carne crua mo\u00edda bovina (patinho), cebola branca e cebolinha bem cortadinha, com tr\u00eas temperos, azeite de oliva extra virgem, pimenta do reino e sal. Acompanha mostarda de prefer\u00eancia escura e uma cervejinha gelada! Que fatores est\u00e3o atualmente impulsionando o conhecimento por parte do publico da Carne de On\u00e7a? \u00c9 um conjunto de fatores. Por um lado, que \u00e9 um prato com muita historia. A Carne de On\u00e7a j\u00e1 era servida na d\u00e9cada dos anos trinta, muito antes que se popularizasse nos anos cinquenta. Depois disso sua popularidade continuou muito forte durante as d\u00e9cadas dos oitenta e noventa em diversos restaurantes. Por outro lado, j\u00e1 desde 2014, todo ano organizamos com a Curitiba Honesta, os Festivais da Carne de On\u00e7a, onde participam uma quantidade importante de bares. Tamb\u00e9m foi muito importante que em 2016 a C\u00e2mara Municipal votou por unanimidade um projeto de lei que declarou a Carne de On\u00e7a como Patrim\u00f4nio Cultural Imaterial da cidade de Curitiba. Agora, um grupo de empres\u00e1rios est\u00e1 se organizando com a ajuda do SEBRAE, para que a Carne de On\u00e7a seja uma Indica\u00e7\u00e3o Geogr\u00e1fica. O fortalecimento destas duas tradi\u00e7\u00f5es curitibanas, a Carne de On\u00e7a e um dos seus ingredientes a Broa de Centeio, serve como elemento diferenciador de Curitiba como destino gastron\u00f4mico. At\u00e9 o pr\u00f3ximo Blog de Centeio, que j\u00e1 est\u00e1 fermentando!<\/p>\n","protected":false},"author":1,"featured_media":1154,"comment_status":"closed","ping_status":"closed","sticky":false,"template":"","format":"standard","meta":{"neve_meta_sidebar":"","neve_meta_container":"","neve_meta_enable_content_width":"","neve_meta_content_width":0,"neve_meta_title_alignment":"","neve_meta_author_avatar":"","neve_post_elements_order":"[\"meta\",\"content\",\"post-navigation\"]","neve_meta_disable_header":"","neve_meta_disable_footer":"","neve_meta_disable_title":"","footnotes":""},"categories":[1],"tags":[],"class_list":["post-1152","post","type-post","status-publish","format-standard","has-post-thumbnail","hentry","category-uncategorized"],"_links":{"self":[{"href":"https:\/\/broasdecenteio.com.br\/01\/wp-json\/wp\/v2\/posts\/1152","targetHints":{"allow":["GET"]}}],"collection":[{"href":"https:\/\/broasdecenteio.com.br\/01\/wp-json\/wp\/v2\/posts"}],"about":[{"href":"https:\/\/broasdecenteio.com.br\/01\/wp-json\/wp\/v2\/types\/post"}],"author":[{"embeddable":true,"href":"https:\/\/broasdecenteio.com.br\/01\/wp-json\/wp\/v2\/users\/1"}],"replies":[{"embeddable":true,"href":"https:\/\/broasdecenteio.com.br\/01\/wp-json\/wp\/v2\/comments?post=1152"}],"version-history":[{"count":9,"href":"https:\/\/broasdecenteio.com.br\/01\/wp-json\/wp\/v2\/posts\/1152\/revisions"}],"predecessor-version":[{"id":1316,"href":"https:\/\/broasdecenteio.com.br\/01\/wp-json\/wp\/v2\/posts\/1152\/revisions\/1316"}],"wp:featuredmedia":[{"embeddable":true,"href":"https:\/\/broasdecenteio.com.br\/01\/wp-json\/wp\/v2\/media\/1154"}],"wp:attachment":[{"href":"https:\/\/broasdecenteio.com.br\/01\/wp-json\/wp\/v2\/media?parent=1152"}],"wp:term":[{"taxonomy":"category","embeddable":true,"href":"https:\/\/broasdecenteio.com.br\/01\/wp-json\/wp\/v2\/categories?post=1152"},{"taxonomy":"post_tag","embeddable":true,"href":"https:\/\/broasdecenteio.com.br\/01\/wp-json\/wp\/v2\/tags?post=1152"}],"curies":[{"name":"wp","href":"https:\/\/api.w.org\/{rel}","templated":true}]}}