{"id":1254,"date":"2023-07-26T15:12:50","date_gmt":"2023-07-26T18:12:50","guid":{"rendered":"https:\/\/broasdecenteio.com.br\/01\/?p=1254"},"modified":"2023-08-11T10:24:48","modified_gmt":"2023-08-11T13:24:48","slug":"curitiba-tera-festival-das-broas-de-centeio","status":"publish","type":"post","link":"https:\/\/broasdecenteio.com.br\/01\/2023\/07\/26\/curitiba-tera-festival-das-broas-de-centeio\/","title":{"rendered":"Curitiba ter\u00e1 Festival das Broas de Centeio."},"content":{"rendered":"\t\t<div data-elementor-type=\"wp-post\" data-elementor-id=\"1254\" class=\"elementor elementor-1254\">\n\t\t\t\t\t\t<section class=\"elementor-section elementor-top-section elementor-element elementor-element-914d235 elementor-section-boxed elementor-section-height-default elementor-section-height-default wpr-particle-no wpr-jarallax-no wpr-parallax-no wpr-sticky-section-no\" data-id=\"914d235\" data-element_type=\"section\" data-e-type=\"section\">\n\t\t\t\t\t\t<div class=\"elementor-container elementor-column-gap-default\">\n\t\t\t\t\t<div class=\"elementor-column elementor-col-100 elementor-top-column elementor-element elementor-element-3b2dcf8\" data-id=\"3b2dcf8\" data-element_type=\"column\" data-e-type=\"column\">\n\t\t\t<div class=\"elementor-widget-wrap elementor-element-populated\">\n\t\t\t\t\t\t<div class=\"elementor-element elementor-element-35e69b2 elementor-widget elementor-widget-heading\" data-id=\"35e69b2\" data-element_type=\"widget\" data-e-type=\"widget\" data-widget_type=\"heading.default\">\n\t\t\t\t<div class=\"elementor-widget-container\">\n\t\t\t\t\t<h2 class=\"elementor-heading-title elementor-size-default\">Neste post do BLOG DE CENTEIO celebramos o primeiro\nFestival das Broas de Centeio, que se realizar\u00e1 entre os\n\ndias 8 e 20 de agosto de 2023.<\/h2>\t\t\t\t<\/div>\n\t\t\t\t<\/div>\n\t\t\t\t\t<\/div>\n\t\t<\/div>\n\t\t\t\t\t<\/div>\n\t\t<\/section>\n\t\t\t\t<section class=\"elementor-section elementor-top-section elementor-element elementor-element-6885bff elementor-section-boxed elementor-section-height-default elementor-section-height-default wpr-particle-no wpr-jarallax-no wpr-parallax-no wpr-sticky-section-no\" data-id=\"6885bff\" data-element_type=\"section\" data-e-type=\"section\">\n\t\t\t\t\t\t<div class=\"elementor-container elementor-column-gap-default\">\n\t\t\t\t\t<div class=\"elementor-column elementor-col-100 elementor-top-column elementor-element elementor-element-cc74324\" data-id=\"cc74324\" data-element_type=\"column\" data-e-type=\"column\">\n\t\t\t<div class=\"elementor-widget-wrap elementor-element-populated\">\n\t\t\t\t\t\t<div class=\"elementor-element elementor-element-aa70884 elementor-widget elementor-widget-image\" data-id=\"aa70884\" data-element_type=\"widget\" data-e-type=\"widget\" data-widget_type=\"image.default\">\n\t\t\t\t<div class=\"elementor-widget-container\">\n\t\t\t\t\t\t\t\t\t\t\t\t\t\t\t\t<a href=\"https:\/\/curitibahonesta.com.br\/festivalbroaelinguica\/\" target=\"_blank\">\n\t\t\t\t\t\t\t<img fetchpriority=\"high\" decoding=\"async\" width=\"963\" height=\"965\" src=\"https:\/\/broasdecenteio.com.br\/01\/wp-content\/uploads\/2023\/07\/LOGO-1-FESTIVAL-BROA-COM-LINGUICA-BLIMENAU_230725__230726_123410-1.png\" class=\"attachment-large size-large wp-image-1256\" alt=\"\" srcset=\"https:\/\/broasdecenteio.com.br\/01\/wp-content\/uploads\/2023\/07\/LOGO-1-FESTIVAL-BROA-COM-LINGUICA-BLIMENAU_230725__230726_123410-1.png 963w, https:\/\/broasdecenteio.com.br\/01\/wp-content\/uploads\/2023\/07\/LOGO-1-FESTIVAL-BROA-COM-LINGUICA-BLIMENAU_230725__230726_123410-1-300x300.png 300w, https:\/\/broasdecenteio.com.br\/01\/wp-content\/uploads\/2023\/07\/LOGO-1-FESTIVAL-BROA-COM-LINGUICA-BLIMENAU_230725__230726_123410-1-150x150.png 150w, https:\/\/broasdecenteio.com.br\/01\/wp-content\/uploads\/2023\/07\/LOGO-1-FESTIVAL-BROA-COM-LINGUICA-BLIMENAU_230725__230726_123410-1-768x770.png 768w\" sizes=\"(max-width: 963px) 100vw, 963px\" \/>\t\t\t\t\t\t\t\t<\/a>\n\t\t\t\t\t\t\t\t\t\t\t\t\t\t\t<\/div>\n\t\t\t\t<\/div>\n\t\t\t\t\t<\/div>\n\t\t<\/div>\n\t\t\t\t\t<\/div>\n\t\t<\/section>\n\t\t\t\t<section class=\"elementor-section elementor-top-section elementor-element elementor-element-92d372f elementor-section-boxed elementor-section-height-default elementor-section-height-default wpr-particle-no wpr-jarallax-no wpr-parallax-no wpr-sticky-section-no\" data-id=\"92d372f\" data-element_type=\"section\" data-e-type=\"section\">\n\t\t\t\t\t\t<div class=\"elementor-container elementor-column-gap-default\">\n\t\t\t\t\t<div class=\"elementor-column elementor-col-100 elementor-top-column elementor-element elementor-element-e7f46bc\" data-id=\"e7f46bc\" data-element_type=\"column\" data-e-type=\"column\">\n\t\t\t<div class=\"elementor-widget-wrap elementor-element-populated\">\n\t\t\t\t\t\t<div class=\"elementor-element elementor-element-4bb2ed1 elementor-widget elementor-widget-heading\" data-id=\"4bb2ed1\" data-element_type=\"widget\" data-e-type=\"widget\" data-widget_type=\"heading.default\">\n\t\t\t\t<div class=\"elementor-widget-container\">\n\t\t\t\t\t<h2 class=\"elementor-heading-title elementor-size-default\">Parceria.<\/h2>\t\t\t\t<\/div>\n\t\t\t\t<\/div>\n\t\t\t\t\t<\/div>\n\t\t<\/div>\n\t\t\t\t\t<\/div>\n\t\t<\/section>\n\t\t\t\t<section class=\"elementor-section elementor-top-section elementor-element elementor-element-c8dd489 elementor-section-boxed elementor-section-height-default elementor-section-height-default wpr-particle-no wpr-jarallax-no wpr-parallax-no wpr-sticky-section-no\" data-id=\"c8dd489\" data-element_type=\"section\" data-e-type=\"section\">\n\t\t\t\t\t\t<div class=\"elementor-container elementor-column-gap-default\">\n\t\t\t\t\t<div class=\"elementor-column elementor-col-100 elementor-top-column elementor-element elementor-element-8ef4c8e\" data-id=\"8ef4c8e\" data-element_type=\"column\" data-e-type=\"column\">\n\t\t\t<div class=\"elementor-widget-wrap elementor-element-populated\">\n\t\t\t\t\t\t<div class=\"elementor-element elementor-element-f396f92 elementor-widget elementor-widget-text-editor\" data-id=\"f396f92\" data-element_type=\"widget\" data-e-type=\"widget\" data-widget_type=\"text-editor.default\">\n\t\t\t\t<div class=\"elementor-widget-container\">\n\t\t\t\t\t\t\t\t\t<p>O evento \u00e9 fruto da parceria entre o SIPCEP e a plataforma Curitiba Honesta, especializada em organiza\u00e7\u00e3o de festivais gastron\u00f4micos, como o reconhecido festival da Carne de On\u00e7a de Curitiba, que ter\u00e1 neste sua s\u00e9tima edi\u00e7\u00e3o!<\/p><p>O Festival da Broa de Centeio com Lingui\u00e7a Blumenau acontecer\u00e1 entre 8 e 20 de agosto, onde vinte padarias j\u00e1 confirmaram participa\u00e7\u00e3o.<\/p>\t\t\t\t\t\t\t\t<\/div>\n\t\t\t\t<\/div>\n\t\t\t\t\t<\/div>\n\t\t<\/div>\n\t\t\t\t\t<\/div>\n\t\t<\/section>\n\t\t\t\t<section class=\"elementor-section elementor-top-section elementor-element elementor-element-175d759 elementor-section-boxed elementor-section-height-default elementor-section-height-default wpr-particle-no wpr-jarallax-no wpr-parallax-no wpr-sticky-section-no\" data-id=\"175d759\" data-element_type=\"section\" data-e-type=\"section\">\n\t\t\t\t\t\t<div class=\"elementor-container elementor-column-gap-default\">\n\t\t\t\t\t<div class=\"elementor-column elementor-col-100 elementor-top-column elementor-element elementor-element-2f074af\" data-id=\"2f074af\" data-element_type=\"column\" data-e-type=\"column\">\n\t\t\t<div class=\"elementor-widget-wrap elementor-element-populated\">\n\t\t\t\t\t\t<div class=\"elementor-element elementor-element-e434093 elementor-widget elementor-widget-heading\" data-id=\"e434093\" data-element_type=\"widget\" data-e-type=\"widget\" data-widget_type=\"heading.default\">\n\t\t\t\t<div class=\"elementor-widget-container\">\n\t\t\t\t\t<h2 class=\"elementor-heading-title elementor-size-default\">Broa e lingui\u00e7a a dezenove reais. <\/h2>\t\t\t\t<\/div>\n\t\t\t\t<\/div>\n\t\t\t\t\t<\/div>\n\t\t<\/div>\n\t\t\t\t\t<\/div>\n\t\t<\/section>\n\t\t\t\t<section class=\"elementor-section elementor-top-section elementor-element elementor-element-defca35 elementor-section-boxed elementor-section-height-default elementor-section-height-default wpr-particle-no wpr-jarallax-no wpr-parallax-no wpr-sticky-section-no\" data-id=\"defca35\" data-element_type=\"section\" data-e-type=\"section\">\n\t\t\t\t\t\t<div class=\"elementor-container elementor-column-gap-default\">\n\t\t\t\t\t<div class=\"elementor-column elementor-col-100 elementor-top-column elementor-element elementor-element-fc7703c\" data-id=\"fc7703c\" data-element_type=\"column\" data-e-type=\"column\">\n\t\t\t<div class=\"elementor-widget-wrap elementor-element-populated\">\n\t\t\t\t\t\t<div class=\"elementor-element elementor-element-fbfb5d1 elementor-widget elementor-widget-text-editor\" data-id=\"fbfb5d1\" data-element_type=\"widget\" data-e-type=\"widget\" data-widget_type=\"text-editor.default\">\n\t\t\t\t<div class=\"elementor-widget-container\">\n\t\t\t\t\t\t\t\t\t<p>Cada padaria participar\u00e1 oferecendo ao publico uma receita com broa de centeio de Curitiba junto com lingui\u00e7a Blumenau. Ser\u00e3o receitas de broas recheadas, de sanduiches, e outros pratos.<\/p><p>Essa receita ter\u00e1 o mesmo pre\u00e7o em todos os estabelecimentos: R$ 19,00.<\/p>\t\t\t\t\t\t\t\t<\/div>\n\t\t\t\t<\/div>\n\t\t\t\t\t<\/div>\n\t\t<\/div>\n\t\t\t\t\t<\/div>\n\t\t<\/section>\n\t\t\t\t<section class=\"elementor-section elementor-top-section elementor-element elementor-element-5251c60 elementor-section-boxed elementor-section-height-default elementor-section-height-default wpr-particle-no wpr-jarallax-no wpr-parallax-no wpr-sticky-section-no\" data-id=\"5251c60\" data-element_type=\"section\" data-e-type=\"section\">\n\t\t\t\t\t\t<div class=\"elementor-container elementor-column-gap-default\">\n\t\t\t\t\t<div class=\"elementor-column elementor-col-100 elementor-top-column elementor-element elementor-element-6b04d1d\" data-id=\"6b04d1d\" data-element_type=\"column\" data-e-type=\"column\">\n\t\t\t<div class=\"elementor-widget-wrap elementor-element-populated\">\n\t\t\t\t\t\t<div class=\"elementor-element elementor-element-1cb3c7b elementor-widget elementor-widget-image\" data-id=\"1cb3c7b\" data-element_type=\"widget\" data-e-type=\"widget\" data-widget_type=\"image.default\">\n\t\t\t\t<div class=\"elementor-widget-container\">\n\t\t\t\t\t\t\t\t\t\t\t\t\t\t\t<img decoding=\"async\" width=\"1024\" height=\"224\" src=\"https:\/\/broasdecenteio.com.br\/01\/wp-content\/uploads\/2023\/07\/curitiba-honesta-1024x224.jpg\" class=\"attachment-large size-large wp-image-1258\" alt=\"\" srcset=\"https:\/\/broasdecenteio.com.br\/01\/wp-content\/uploads\/2023\/07\/curitiba-honesta-1024x224.jpg 1024w, https:\/\/broasdecenteio.com.br\/01\/wp-content\/uploads\/2023\/07\/curitiba-honesta-300x65.jpg 300w, https:\/\/broasdecenteio.com.br\/01\/wp-content\/uploads\/2023\/07\/curitiba-honesta-768x168.jpg 768w, https:\/\/broasdecenteio.com.br\/01\/wp-content\/uploads\/2023\/07\/curitiba-honesta.jpg 1182w\" sizes=\"(max-width: 1024px) 100vw, 1024px\" \/>\t\t\t\t\t\t\t\t\t\t\t\t\t\t\t<\/div>\n\t\t\t\t<\/div>\n\t\t\t\t<div class=\"elementor-element elementor-element-e08c1e1 elementor-widget elementor-widget-text-editor\" data-id=\"e08c1e1\" data-element_type=\"widget\" data-e-type=\"widget\" data-widget_type=\"text-editor.default\">\n\t\t\t\t<div class=\"elementor-widget-container\">\n\t\t\t\t\t\t\t\t\t<p>Agenda de eventos da Curitiba Honesta.<\/p>\t\t\t\t\t\t\t\t<\/div>\n\t\t\t\t<\/div>\n\t\t\t\t\t<\/div>\n\t\t<\/div>\n\t\t\t\t\t<\/div>\n\t\t<\/section>\n\t\t\t\t<section class=\"elementor-section elementor-top-section elementor-element elementor-element-c687b11 elementor-section-boxed elementor-section-height-default elementor-section-height-default wpr-particle-no wpr-jarallax-no wpr-parallax-no wpr-sticky-section-no\" data-id=\"c687b11\" data-element_type=\"section\" data-e-type=\"section\">\n\t\t\t\t\t\t<div class=\"elementor-container elementor-column-gap-default\">\n\t\t\t\t\t<div class=\"elementor-column elementor-col-100 elementor-top-column elementor-element elementor-element-6dd208b\" data-id=\"6dd208b\" data-element_type=\"column\" data-e-type=\"column\">\n\t\t\t<div class=\"elementor-widget-wrap elementor-element-populated\">\n\t\t\t\t\t\t<div class=\"elementor-element elementor-element-a606fe8 elementor-widget elementor-widget-heading\" data-id=\"a606fe8\" data-element_type=\"widget\" data-e-type=\"widget\" data-widget_type=\"heading.default\">\n\t\t\t\t<div class=\"elementor-widget-container\">\n\t\t\t\t\t<h2 class=\"elementor-heading-title elementor-size-default\">Marque na sua agenda, do dia 8 at\u00e9 o dia 20 de agosto em vinte padarias, o Festival das Broas de Centeio se aproxima.<\/h2>\t\t\t\t<\/div>\n\t\t\t\t<\/div>\n\t\t\t\t\t<\/div>\n\t\t<\/div>\n\t\t\t\t\t<\/div>\n\t\t<\/section>\n\t\t\t\t<section class=\"elementor-section elementor-top-section elementor-element elementor-element-1db513f elementor-section-boxed elementor-section-height-default elementor-section-height-default wpr-particle-no wpr-jarallax-no wpr-parallax-no wpr-sticky-section-no\" data-id=\"1db513f\" data-element_type=\"section\" data-e-type=\"section\">\n\t\t\t\t\t\t<div class=\"elementor-container elementor-column-gap-default\">\n\t\t\t\t\t<div class=\"elementor-column elementor-col-100 elementor-top-column elementor-element elementor-element-2aa40b6\" data-id=\"2aa40b6\" data-element_type=\"column\" data-e-type=\"column\">\n\t\t\t<div class=\"elementor-widget-wrap elementor-element-populated\">\n\t\t\t\t\t\t<div class=\"elementor-element elementor-element-1d5d97b elementor-widget elementor-widget-heading\" data-id=\"1d5d97b\" data-element_type=\"widget\" data-e-type=\"widget\" data-widget_type=\"heading.default\">\n\t\t\t\t<div class=\"elementor-widget-container\">\n\t\t\t\t\t<h2 class=\"elementor-heading-title elementor-size-default\">At\u00e9 o pr\u00f3ximo Blog de Centeio, que j\u00e1 est\u00e1 fermentando com mais novidades!<\/h2>\t\t\t\t<\/div>\n\t\t\t\t<\/div>\n\t\t\t\t\t<\/div>\n\t\t<\/div>\n\t\t\t\t\t<\/div>\n\t\t<\/section>\n\t\t\t\t<\/div>\n\t\t","protected":false},"excerpt":{"rendered":"<p>Neste post do BLOG DE CENTEIO celebramos o primeiro Festival das Broas de Centeio, que se realizar\u00e1 entre os dias 8 e 20 de agosto de 2023. Parceria. O evento \u00e9 fruto da parceria entre o SIPCEP e a plataforma Curitiba Honesta, especializada em organiza\u00e7\u00e3o de festivais gastron\u00f4micos, como o reconhecido festival da Carne de On\u00e7a de Curitiba, que ter\u00e1 neste sua s\u00e9tima edi\u00e7\u00e3o! O Festival da Broa de Centeio com Lingui\u00e7a Blumenau acontecer\u00e1 entre 8 e 20 de agosto, onde vinte padarias j\u00e1 confirmaram participa\u00e7\u00e3o. Broa e lingui\u00e7a a dezenove reais. Cada padaria participar\u00e1 oferecendo ao publico uma receita com broa de centeio de Curitiba junto com lingui\u00e7a Blumenau. Ser\u00e3o receitas de broas recheadas, de sanduiches, e outros pratos. Essa receita ter\u00e1 o mesmo pre\u00e7o em todos os estabelecimentos: R$ 19,00. Agenda de eventos da Curitiba Honesta. Marque na sua agenda, do dia 8 at\u00e9 o dia 20 de agosto em vinte padarias, o Festival das Broas de Centeio se aproxima. At\u00e9 o pr\u00f3ximo Blog de Centeio, que j\u00e1 est\u00e1 fermentando com mais novidades!<\/p>\n","protected":false},"author":1,"featured_media":1256,"comment_status":"closed","ping_status":"open","sticky":false,"template":"","format":"standard","meta":{"neve_meta_sidebar":"","neve_meta_container":"","neve_meta_enable_content_width":"","neve_meta_content_width":0,"neve_meta_title_alignment":"","neve_meta_author_avatar":"","neve_post_elements_order":"","neve_meta_disable_header":"","neve_meta_disable_footer":"","neve_meta_disable_title":"","footnotes":""},"categories":[1],"tags":[],"class_list":["post-1254","post","type-post","status-publish","format-standard","has-post-thumbnail","hentry","category-uncategorized"],"_links":{"self":[{"href":"https:\/\/broasdecenteio.com.br\/01\/wp-json\/wp\/v2\/posts\/1254","targetHints":{"allow":["GET"]}}],"collection":[{"href":"https:\/\/broasdecenteio.com.br\/01\/wp-json\/wp\/v2\/posts"}],"about":[{"href":"https:\/\/broasdecenteio.com.br\/01\/wp-json\/wp\/v2\/types\/post"}],"author":[{"embeddable":true,"href":"https:\/\/broasdecenteio.com.br\/01\/wp-json\/wp\/v2\/users\/1"}],"replies":[{"embeddable":true,"href":"https:\/\/broasdecenteio.com.br\/01\/wp-json\/wp\/v2\/comments?post=1254"}],"version-history":[{"count":8,"href":"https:\/\/broasdecenteio.com.br\/01\/wp-json\/wp\/v2\/posts\/1254\/revisions"}],"predecessor-version":[{"id":1319,"href":"https:\/\/broasdecenteio.com.br\/01\/wp-json\/wp\/v2\/posts\/1254\/revisions\/1319"}],"wp:featuredmedia":[{"embeddable":true,"href":"https:\/\/broasdecenteio.com.br\/01\/wp-json\/wp\/v2\/media\/1256"}],"wp:attachment":[{"href":"https:\/\/broasdecenteio.com.br\/01\/wp-json\/wp\/v2\/media?parent=1254"}],"wp:term":[{"taxonomy":"category","embeddable":true,"href":"https:\/\/broasdecenteio.com.br\/01\/wp-json\/wp\/v2\/categories?post=1254"},{"taxonomy":"post_tag","embeddable":true,"href":"https:\/\/broasdecenteio.com.br\/01\/wp-json\/wp\/v2\/tags?post=1254"}],"curies":[{"name":"wp","href":"https:\/\/api.w.org\/{rel}","templated":true}]}}