{"id":1276,"date":"2023-07-26T15:26:38","date_gmt":"2023-07-26T18:26:38","guid":{"rendered":"https:\/\/broasdecenteio.com.br\/01\/?p=1276"},"modified":"2023-08-11T10:25:47","modified_gmt":"2023-08-11T13:25:47","slug":"treinamentos-para-padarias-e-para-o-publico-em-geral","status":"publish","type":"post","link":"https:\/\/broasdecenteio.com.br\/01\/2023\/07\/26\/treinamentos-para-padarias-e-para-o-publico-em-geral\/","title":{"rendered":"Treinamentos para padarias e para o p\u00fablico em geral."},"content":{"rendered":"\t\t<div data-elementor-type=\"wp-post\" data-elementor-id=\"1276\" class=\"elementor elementor-1276\">\n\t\t\t\t\t\t<section class=\"elementor-section elementor-top-section elementor-element elementor-element-aabc7ef elementor-section-boxed elementor-section-height-default elementor-section-height-default wpr-particle-no wpr-jarallax-no wpr-parallax-no wpr-sticky-section-no\" data-id=\"aabc7ef\" data-element_type=\"section\" data-e-type=\"section\">\n\t\t\t\t\t\t<div class=\"elementor-container elementor-column-gap-default\">\n\t\t\t\t\t<div class=\"elementor-column elementor-col-100 elementor-top-column elementor-element elementor-element-c4f7090\" data-id=\"c4f7090\" data-element_type=\"column\" data-e-type=\"column\">\n\t\t\t<div class=\"elementor-widget-wrap elementor-element-populated\">\n\t\t\t\t\t\t<div class=\"elementor-element elementor-element-c1e4fef elementor-widget elementor-widget-heading\" data-id=\"c1e4fef\" data-element_type=\"widget\" data-e-type=\"widget\" data-widget_type=\"heading.default\">\n\t\t\t\t<div class=\"elementor-widget-container\">\n\t\t\t\t\t<h2 class=\"elementor-heading-title elementor-size-default\">Neste post do BLOG DE CENTEIO o presidente do SIPCEP\nVilson Borgmann, nos atualiza sobre os treinamentos\n\npara as Broas de Centeio.<\/h2>\t\t\t\t<\/div>\n\t\t\t\t<\/div>\n\t\t\t\t\t<\/div>\n\t\t<\/div>\n\t\t\t\t\t<\/div>\n\t\t<\/section>\n\t\t\t\t<section class=\"elementor-section elementor-top-section elementor-element elementor-element-948af2f elementor-section-boxed elementor-section-height-default elementor-section-height-default wpr-particle-no wpr-jarallax-no wpr-parallax-no wpr-sticky-section-no\" data-id=\"948af2f\" data-element_type=\"section\" data-e-type=\"section\">\n\t\t\t\t\t\t<div class=\"elementor-container elementor-column-gap-default\">\n\t\t\t\t\t<div class=\"elementor-column elementor-col-100 elementor-top-column elementor-element elementor-element-497fb58\" data-id=\"497fb58\" data-element_type=\"column\" data-e-type=\"column\">\n\t\t\t<div class=\"elementor-widget-wrap elementor-element-populated\">\n\t\t\t\t\t\t<div class=\"elementor-element elementor-element-c466129 elementor-widget elementor-widget-image\" data-id=\"c466129\" data-element_type=\"widget\" data-e-type=\"widget\" data-widget_type=\"image.default\">\n\t\t\t\t<div class=\"elementor-widget-container\">\n\t\t\t\t\t\t\t\t\t\t\t\t\t\t\t<img fetchpriority=\"high\" decoding=\"async\" width=\"1024\" height=\"577\" src=\"https:\/\/broasdecenteio.com.br\/01\/wp-content\/uploads\/2023\/07\/WhatsApp-Image-2023-07-26-at-12.33.22-1024x577.jpeg\" class=\"attachment-large size-large wp-image-1278\" alt=\"\" srcset=\"https:\/\/broasdecenteio.com.br\/01\/wp-content\/uploads\/2023\/07\/WhatsApp-Image-2023-07-26-at-12.33.22-1024x577.jpeg 1024w, https:\/\/broasdecenteio.com.br\/01\/wp-content\/uploads\/2023\/07\/WhatsApp-Image-2023-07-26-at-12.33.22-300x169.jpeg 300w, https:\/\/broasdecenteio.com.br\/01\/wp-content\/uploads\/2023\/07\/WhatsApp-Image-2023-07-26-at-12.33.22-768x432.jpeg 768w, https:\/\/broasdecenteio.com.br\/01\/wp-content\/uploads\/2023\/07\/WhatsApp-Image-2023-07-26-at-12.33.22-1536x865.jpeg 1536w, https:\/\/broasdecenteio.com.br\/01\/wp-content\/uploads\/2023\/07\/WhatsApp-Image-2023-07-26-at-12.33.22.jpeg 1600w\" sizes=\"(max-width: 1024px) 100vw, 1024px\" \/>\t\t\t\t\t\t\t\t\t\t\t\t\t\t\t<\/div>\n\t\t\t\t<\/div>\n\t\t\t\t\t<\/div>\n\t\t<\/div>\n\t\t\t\t\t<\/div>\n\t\t<\/section>\n\t\t\t\t<section class=\"elementor-section elementor-top-section elementor-element elementor-element-869f140 elementor-section-boxed elementor-section-height-default elementor-section-height-default wpr-particle-no wpr-jarallax-no wpr-parallax-no wpr-sticky-section-no\" data-id=\"869f140\" data-element_type=\"section\" data-e-type=\"section\">\n\t\t\t\t\t\t<div class=\"elementor-container elementor-column-gap-default\">\n\t\t\t\t\t<div class=\"elementor-column elementor-col-100 elementor-top-column elementor-element elementor-element-5cab983\" data-id=\"5cab983\" data-element_type=\"column\" data-e-type=\"column\">\n\t\t\t<div class=\"elementor-widget-wrap elementor-element-populated\">\n\t\t\t\t\t\t<div class=\"elementor-element elementor-element-95adc74 elementor-widget elementor-widget-heading\" data-id=\"95adc74\" data-element_type=\"widget\" data-e-type=\"widget\" data-widget_type=\"heading.default\">\n\t\t\t\t<div class=\"elementor-widget-container\">\n\t\t\t\t\t<h2 class=\"elementor-heading-title elementor-size-default\">Qual \u00e9 o objetivo dos treinamentos?<\/h2>\t\t\t\t<\/div>\n\t\t\t\t<\/div>\n\t\t\t\t\t<\/div>\n\t\t<\/div>\n\t\t\t\t\t<\/div>\n\t\t<\/section>\n\t\t\t\t<section class=\"elementor-section elementor-top-section elementor-element elementor-element-ddd7983 elementor-section-boxed elementor-section-height-default elementor-section-height-default wpr-particle-no wpr-jarallax-no wpr-parallax-no wpr-sticky-section-no\" data-id=\"ddd7983\" data-element_type=\"section\" data-e-type=\"section\">\n\t\t\t\t\t\t<div class=\"elementor-container elementor-column-gap-default\">\n\t\t\t\t\t<div class=\"elementor-column elementor-col-100 elementor-top-column elementor-element elementor-element-d9910da\" data-id=\"d9910da\" data-element_type=\"column\" data-e-type=\"column\">\n\t\t\t<div class=\"elementor-widget-wrap elementor-element-populated\">\n\t\t\t\t\t\t<div class=\"elementor-element elementor-element-2270412 elementor-widget elementor-widget-text-editor\" data-id=\"2270412\" data-element_type=\"widget\" data-e-type=\"widget\" data-widget_type=\"text-editor.default\">\n\t\t\t\t<div class=\"elementor-widget-container\">\n\t\t\t\t\t\t\t\t\t<p>A ideia \u00e9 compartilhar o que sabemos com nossos colegas e com o publico em geral. N\u00e3o pretendemos ensinar a fazer p\u00e3o a quem j\u00e1 sabe. Porem sim, acreditamos que \u00e9 importante insistir sobre a necessidade de se preservar o que historicamente acontecia, que era uma boa propor\u00e7\u00e3o de centeio. As broas s\u00e3o muito mais do que uma receita, por isso o objetivo destes treinamentos \u00e9 compartilhar a historia, as t\u00e9cnicas, as receitas e os crit\u00e9rios de qualidade, como por exemplo, a fermenta\u00e7\u00e3o e a quantidade de centeio, que garantam a continuidade do saber fazer deste tradicional p\u00e3o curitibano.<\/p>\t\t\t\t\t\t\t\t<\/div>\n\t\t\t\t<\/div>\n\t\t\t\t\t<\/div>\n\t\t<\/div>\n\t\t\t\t\t<\/div>\n\t\t<\/section>\n\t\t\t\t<section class=\"elementor-section elementor-top-section elementor-element elementor-element-41d180b elementor-section-boxed elementor-section-height-default elementor-section-height-default wpr-particle-no wpr-jarallax-no wpr-parallax-no wpr-sticky-section-no\" data-id=\"41d180b\" data-element_type=\"section\" data-e-type=\"section\">\n\t\t\t\t\t\t<div class=\"elementor-container elementor-column-gap-default\">\n\t\t\t\t\t<div class=\"elementor-column elementor-col-100 elementor-top-column elementor-element elementor-element-a54fdab\" data-id=\"a54fdab\" data-element_type=\"column\" data-e-type=\"column\">\n\t\t\t<div class=\"elementor-widget-wrap elementor-element-populated\">\n\t\t\t\t\t\t<div class=\"elementor-element elementor-element-147d529 elementor-widget elementor-widget-heading\" data-id=\"147d529\" data-element_type=\"widget\" data-e-type=\"widget\" data-widget_type=\"heading.default\">\n\t\t\t\t<div class=\"elementor-widget-container\">\n\t\t\t\t\t<h2 class=\"elementor-heading-title elementor-size-default\">Quem participou dos treinamentos at\u00e9 agora?<\/h2>\t\t\t\t<\/div>\n\t\t\t\t<\/div>\n\t\t\t\t\t<\/div>\n\t\t<\/div>\n\t\t\t\t\t<\/div>\n\t\t<\/section>\n\t\t\t\t<section class=\"elementor-section elementor-top-section elementor-element elementor-element-c404fc7 elementor-section-boxed elementor-section-height-default elementor-section-height-default wpr-particle-no wpr-jarallax-no wpr-parallax-no wpr-sticky-section-no\" data-id=\"c404fc7\" data-element_type=\"section\" data-e-type=\"section\">\n\t\t\t\t\t\t<div class=\"elementor-container elementor-column-gap-default\">\n\t\t\t\t\t<div class=\"elementor-column elementor-col-100 elementor-top-column elementor-element elementor-element-7424bab\" data-id=\"7424bab\" data-element_type=\"column\" data-e-type=\"column\">\n\t\t\t<div class=\"elementor-widget-wrap elementor-element-populated\">\n\t\t\t\t\t\t<div class=\"elementor-element elementor-element-43b72e8 elementor-widget elementor-widget-text-editor\" data-id=\"43b72e8\" data-element_type=\"widget\" data-e-type=\"widget\" data-widget_type=\"text-editor.default\">\n\t\t\t\t<div class=\"elementor-widget-container\">\n\t\t\t\t\t\t\t\t\t<p>Foram cinco treinamentos de seis horas de dura\u00e7\u00e3o cada, que foram ministrados por Eduardo Engelhardt, que alem de ser nosso vice-presidente, \u00e9 um dos s\u00f3cios da centen\u00e1ria Padaria Am\u00e9rica, uma referencia hist\u00f3rica das Broas de Centeio, e pela engenheira de alimentos Claudine Botelho e por Oscar Luzardo, que s\u00e3o os autores do livro: \u201cOrigem, notoriedade e continuidade hist\u00f3rica das Broas de Centeio em Curitiba\u201d. At\u00e9 agora tivemos somente os treinamentos para as padarias, tanto para propriet\u00e1rios como para funcion\u00e1rios, e no segundo semestre vamos tamb\u00e9m ter turmas para o publico em geral, que j\u00e1 se manifestou interessado em conhecer mais sobre esta tradi\u00e7\u00e3o.<\/p><p>Houve uma recep\u00e7\u00e3o importante sobre este tema dentre nossos associados, muitas padarias se mostraram interessadas, a pesar de que n\u00e3o todas conseguiram conciliar a agenda para participar. At\u00e9 e hoje vinte e cinco padarias participaram dos treinamentos, entre empresas associadas e n\u00e3o associadas ao sindicato.<\/p>\t\t\t\t\t\t\t\t<\/div>\n\t\t\t\t<\/div>\n\t\t\t\t\t<\/div>\n\t\t<\/div>\n\t\t\t\t\t<\/div>\n\t\t<\/section>\n\t\t\t\t<section class=\"elementor-section elementor-top-section elementor-element elementor-element-561663a elementor-section-boxed elementor-section-height-default elementor-section-height-default wpr-particle-no wpr-jarallax-no wpr-parallax-no wpr-sticky-section-no\" data-id=\"561663a\" data-element_type=\"section\" data-e-type=\"section\">\n\t\t\t\t\t\t<div class=\"elementor-container elementor-column-gap-default\">\n\t\t\t\t\t<div class=\"elementor-column elementor-col-100 elementor-top-column elementor-element elementor-element-7986934\" data-id=\"7986934\" data-element_type=\"column\" data-e-type=\"column\">\n\t\t\t<div class=\"elementor-widget-wrap elementor-element-populated\">\n\t\t\t\t\t\t<div class=\"elementor-element elementor-element-26110cf elementor-widget elementor-widget-heading\" data-id=\"26110cf\" data-element_type=\"widget\" data-e-type=\"widget\" data-widget_type=\"heading.default\">\n\t\t\t\t<div class=\"elementor-widget-container\">\n\t\t\t\t\t<h2 class=\"elementor-heading-title elementor-size-default\">Quais s\u00e3o as vantagens para as empresas associadas ao SIPCEP?<\/h2>\t\t\t\t<\/div>\n\t\t\t\t<\/div>\n\t\t\t\t\t<\/div>\n\t\t<\/div>\n\t\t\t\t\t<\/div>\n\t\t<\/section>\n\t\t\t\t<section class=\"elementor-section elementor-top-section elementor-element elementor-element-3efc5ed elementor-section-boxed elementor-section-height-default elementor-section-height-default wpr-particle-no wpr-jarallax-no wpr-parallax-no wpr-sticky-section-no\" data-id=\"3efc5ed\" data-element_type=\"section\" data-e-type=\"section\">\n\t\t\t\t\t\t<div class=\"elementor-container elementor-column-gap-default\">\n\t\t\t\t\t<div class=\"elementor-column elementor-col-100 elementor-top-column elementor-element elementor-element-53a2e4d\" data-id=\"53a2e4d\" data-element_type=\"column\" data-e-type=\"column\">\n\t\t\t<div class=\"elementor-widget-wrap elementor-element-populated\">\n\t\t\t\t\t\t<div class=\"elementor-element elementor-element-74af405 elementor-widget elementor-widget-text-editor\" data-id=\"74af405\" data-element_type=\"widget\" data-e-type=\"widget\" data-widget_type=\"text-editor.default\">\n\t\t\t\t<div class=\"elementor-widget-container\">\n\t\t\t\t\t\t\t\t\t<p>Todas as empresas s\u00e3o bem vindas \u00e0s atividades no sindicato. Mas naturalmente aquelas que s\u00e3o associadas sempre ter\u00e3o uma vantagem em rela\u00e7\u00e3o ao custo de participa\u00e7\u00e3o de todos os cursos, atividades, treinamentos, e acesso ao clube de compras e assessoramento jur\u00eddico. Mesmo assim, muito do trabalho do sindicato desde o ponto de vista institucional em rela\u00e7\u00e3o \u00e0s autoridades estatais e municipais, assim como a representa\u00e7\u00e3o na negocia\u00e7\u00e3o da conven\u00e7\u00e3o coletiva para o setor, tem impacto em todo o setor de panifica\u00e7\u00e3o.<\/p>\t\t\t\t\t\t\t\t<\/div>\n\t\t\t\t<\/div>\n\t\t\t\t\t<\/div>\n\t\t<\/div>\n\t\t\t\t\t<\/div>\n\t\t<\/section>\n\t\t\t\t<section class=\"elementor-section elementor-top-section elementor-element elementor-element-b26a573 elementor-section-boxed elementor-section-height-default elementor-section-height-default wpr-particle-no wpr-jarallax-no wpr-parallax-no wpr-sticky-section-no\" data-id=\"b26a573\" data-element_type=\"section\" data-e-type=\"section\">\n\t\t\t\t\t\t<div class=\"elementor-container elementor-column-gap-default\">\n\t\t\t\t\t<div class=\"elementor-column elementor-col-100 elementor-top-column elementor-element elementor-element-3abf4ad\" data-id=\"3abf4ad\" data-element_type=\"column\" data-e-type=\"column\">\n\t\t\t<div class=\"elementor-widget-wrap elementor-element-populated\">\n\t\t\t\t\t\t<div class=\"elementor-element elementor-element-d718445 elementor-widget elementor-widget-heading\" data-id=\"d718445\" data-element_type=\"widget\" data-e-type=\"widget\" data-widget_type=\"heading.default\">\n\t\t\t\t<div class=\"elementor-widget-container\">\n\t\t\t\t\t<h2 class=\"elementor-heading-title elementor-size-default\">Quais s\u00e3o os pr\u00f3ximos passos?<\/h2>\t\t\t\t<\/div>\n\t\t\t\t<\/div>\n\t\t\t\t\t<\/div>\n\t\t<\/div>\n\t\t\t\t\t<\/div>\n\t\t<\/section>\n\t\t\t\t<section class=\"elementor-section elementor-top-section elementor-element elementor-element-b957162 elementor-section-boxed elementor-section-height-default elementor-section-height-default wpr-particle-no wpr-jarallax-no wpr-parallax-no wpr-sticky-section-no\" data-id=\"b957162\" data-element_type=\"section\" data-e-type=\"section\">\n\t\t\t\t\t\t<div class=\"elementor-container elementor-column-gap-default\">\n\t\t\t\t\t<div class=\"elementor-column elementor-col-100 elementor-top-column elementor-element elementor-element-acf9b29\" data-id=\"acf9b29\" data-element_type=\"column\" data-e-type=\"column\">\n\t\t\t<div class=\"elementor-widget-wrap elementor-element-populated\">\n\t\t\t\t\t\t<div class=\"elementor-element elementor-element-862cb2b elementor-widget elementor-widget-text-editor\" data-id=\"862cb2b\" data-element_type=\"widget\" data-e-type=\"widget\" data-widget_type=\"text-editor.default\">\n\t\t\t\t<div class=\"elementor-widget-container\">\n\t\t\t\t\t\t\t\t\t<p>Para o segundo semestre do ano teremos muitas novidades com as Broas de Centeio!\u00a0Mais treinamentos, um festival, entre outras a\u00e7\u00f5es que nos permitam fomentar a transmiss\u00e3o cultural deste patrim\u00f4nio imaterial de Curitiba.<\/p>\t\t\t\t\t\t\t\t<\/div>\n\t\t\t\t<\/div>\n\t\t\t\t\t<\/div>\n\t\t<\/div>\n\t\t\t\t\t<\/div>\n\t\t<\/section>\n\t\t\t\t<section class=\"elementor-section elementor-top-section elementor-element elementor-element-1f1983d elementor-section-boxed elementor-section-height-default elementor-section-height-default wpr-particle-no wpr-jarallax-no wpr-parallax-no wpr-sticky-section-no\" data-id=\"1f1983d\" data-element_type=\"section\" data-e-type=\"section\">\n\t\t\t\t\t\t<div class=\"elementor-container elementor-column-gap-default\">\n\t\t\t\t\t<div class=\"elementor-column elementor-col-100 elementor-top-column elementor-element elementor-element-e9b837d\" data-id=\"e9b837d\" data-element_type=\"column\" data-e-type=\"column\">\n\t\t\t<div class=\"elementor-widget-wrap elementor-element-populated\">\n\t\t\t\t\t\t<div class=\"elementor-element elementor-element-72baa3a elementor-widget elementor-widget-heading\" data-id=\"72baa3a\" data-element_type=\"widget\" data-e-type=\"widget\" data-widget_type=\"heading.default\">\n\t\t\t\t<div class=\"elementor-widget-container\">\n\t\t\t\t\t<h2 class=\"elementor-heading-title elementor-size-default\"><a href=\"https:\/\/broasdecenteio.com.br\/01\/quer-aprender-a-fazer-broas-de-centeio\/\">Se voc\u00ea ficou interessado em participar dos treinamentos,\nentre na aba CONTATO deste site e preencha o\n\nFORMUL\u00c1RIO.<\/a><\/h2>\t\t\t\t<\/div>\n\t\t\t\t<\/div>\n\t\t\t\t\t<\/div>\n\t\t<\/div>\n\t\t\t\t\t<\/div>\n\t\t<\/section>\n\t\t\t\t<\/div>\n\t\t","protected":false},"excerpt":{"rendered":"<p>Neste post do BLOG DE CENTEIO o presidente do SIPCEP Vilson Borgmann, nos atualiza sobre os treinamentos para as Broas de Centeio. Qual \u00e9 o objetivo dos treinamentos? A ideia \u00e9 compartilhar o que sabemos com nossos colegas e com o publico em geral. N\u00e3o pretendemos ensinar a fazer p\u00e3o a quem j\u00e1 sabe. Porem sim, acreditamos que \u00e9 importante insistir sobre a necessidade de se preservar o que historicamente acontecia, que era uma boa propor\u00e7\u00e3o de centeio. As broas s\u00e3o muito mais do que uma receita, por isso o objetivo destes treinamentos \u00e9 compartilhar a historia, as t\u00e9cnicas, as receitas e os crit\u00e9rios de qualidade, como por exemplo, a fermenta\u00e7\u00e3o e a quantidade de centeio, que garantam a continuidade do saber fazer deste tradicional p\u00e3o curitibano. Quem participou dos treinamentos at\u00e9 agora? Foram cinco treinamentos de seis horas de dura\u00e7\u00e3o cada, que foram ministrados por Eduardo Engelhardt, que alem de ser nosso vice-presidente, \u00e9 um dos s\u00f3cios da centen\u00e1ria Padaria Am\u00e9rica, uma referencia hist\u00f3rica das Broas de Centeio, e pela engenheira de alimentos Claudine Botelho e por Oscar Luzardo, que s\u00e3o os autores do livro: \u201cOrigem, notoriedade e continuidade hist\u00f3rica das Broas de Centeio em Curitiba\u201d. At\u00e9 agora tivemos somente os treinamentos para as padarias, tanto para propriet\u00e1rios como para funcion\u00e1rios, e no segundo semestre vamos tamb\u00e9m ter turmas para o publico em geral, que j\u00e1 se manifestou interessado em conhecer mais sobre esta tradi\u00e7\u00e3o. Houve uma recep\u00e7\u00e3o importante sobre este tema dentre nossos associados, muitas padarias se mostraram interessadas, a pesar de que n\u00e3o todas conseguiram conciliar a agenda para participar. At\u00e9 e hoje vinte e cinco padarias participaram dos treinamentos, entre empresas associadas e n\u00e3o associadas ao sindicato. Quais s\u00e3o as vantagens para as empresas associadas ao SIPCEP? Todas as empresas s\u00e3o bem vindas \u00e0s atividades no sindicato. Mas naturalmente aquelas que s\u00e3o associadas sempre ter\u00e3o uma vantagem em rela\u00e7\u00e3o ao custo de participa\u00e7\u00e3o de todos os cursos, atividades, treinamentos, e acesso ao clube de compras e assessoramento jur\u00eddico. Mesmo assim, muito do trabalho do sindicato desde o ponto de vista institucional em rela\u00e7\u00e3o \u00e0s autoridades estatais e municipais, assim como a representa\u00e7\u00e3o na negocia\u00e7\u00e3o da conven\u00e7\u00e3o coletiva para o setor, tem impacto em todo o setor de panifica\u00e7\u00e3o. Quais s\u00e3o os pr\u00f3ximos passos? Para o segundo semestre do ano teremos muitas novidades com as Broas de Centeio!\u00a0Mais treinamentos, um festival, entre outras a\u00e7\u00f5es que nos permitam fomentar a transmiss\u00e3o cultural deste patrim\u00f4nio imaterial de Curitiba. Se voc\u00ea ficou interessado em participar dos treinamentos, entre na aba CONTATO deste site e preencha o FORMUL\u00c1RIO.<\/p>\n","protected":false},"author":1,"featured_media":1278,"comment_status":"closed","ping_status":"open","sticky":false,"template":"","format":"standard","meta":{"neve_meta_sidebar":"","neve_meta_container":"","neve_meta_enable_content_width":"","neve_meta_content_width":0,"neve_meta_title_alignment":"","neve_meta_author_avatar":"","neve_post_elements_order":"","neve_meta_disable_header":"","neve_meta_disable_footer":"","neve_meta_disable_title":"","footnotes":""},"categories":[1],"tags":[],"class_list":["post-1276","post","type-post","status-publish","format-standard","has-post-thumbnail","hentry","category-uncategorized"],"_links":{"self":[{"href":"https:\/\/broasdecenteio.com.br\/01\/wp-json\/wp\/v2\/posts\/1276","targetHints":{"allow":["GET"]}}],"collection":[{"href":"https:\/\/broasdecenteio.com.br\/01\/wp-json\/wp\/v2\/posts"}],"about":[{"href":"https:\/\/broasdecenteio.com.br\/01\/wp-json\/wp\/v2\/types\/post"}],"author":[{"embeddable":true,"href":"https:\/\/broasdecenteio.com.br\/01\/wp-json\/wp\/v2\/users\/1"}],"replies":[{"embeddable":true,"href":"https:\/\/broasdecenteio.com.br\/01\/wp-json\/wp\/v2\/comments?post=1276"}],"version-history":[{"count":9,"href":"https:\/\/broasdecenteio.com.br\/01\/wp-json\/wp\/v2\/posts\/1276\/revisions"}],"predecessor-version":[{"id":1322,"href":"https:\/\/broasdecenteio.com.br\/01\/wp-json\/wp\/v2\/posts\/1276\/revisions\/1322"}],"wp:featuredmedia":[{"embeddable":true,"href":"https:\/\/broasdecenteio.com.br\/01\/wp-json\/wp\/v2\/media\/1278"}],"wp:attachment":[{"href":"https:\/\/broasdecenteio.com.br\/01\/wp-json\/wp\/v2\/media?parent=1276"}],"wp:term":[{"taxonomy":"category","embeddable":true,"href":"https:\/\/broasdecenteio.com.br\/01\/wp-json\/wp\/v2\/categories?post=1276"},{"taxonomy":"post_tag","embeddable":true,"href":"https:\/\/broasdecenteio.com.br\/01\/wp-json\/wp\/v2\/tags?post=1276"}],"curies":[{"name":"wp","href":"https:\/\/api.w.org\/{rel}","templated":true}]}}