{"id":1558,"date":"2025-04-02T16:40:57","date_gmt":"2025-04-02T19:40:57","guid":{"rendered":"https:\/\/broasdecenteio.com.br\/01\/?p=1558"},"modified":"2025-04-02T16:46:29","modified_gmt":"2025-04-02T19:46:29","slug":"broa-de-centeio-patrimonio-cultural-e-imaterial-de-curitiba","status":"publish","type":"post","link":"https:\/\/broasdecenteio.com.br\/01\/2025\/04\/02\/broa-de-centeio-patrimonio-cultural-e-imaterial-de-curitiba\/","title":{"rendered":"Broa de Centeio \u2013 Patrim\u00f4nio Cultural e Imaterial de Curitiba"},"content":{"rendered":"\t\t<div data-elementor-type=\"wp-post\" data-elementor-id=\"1558\" class=\"elementor elementor-1558\">\n\t\t\t\t\t\t<section class=\"elementor-section elementor-top-section elementor-element elementor-element-bcff9e5 elementor-section-boxed elementor-section-height-default elementor-section-height-default wpr-particle-no wpr-jarallax-no wpr-parallax-no wpr-sticky-section-no\" data-id=\"bcff9e5\" data-element_type=\"section\" data-e-type=\"section\">\n\t\t\t\t\t\t<div class=\"elementor-container elementor-column-gap-default\">\n\t\t\t\t\t<div class=\"elementor-column elementor-col-100 elementor-top-column elementor-element elementor-element-e455f3c\" data-id=\"e455f3c\" data-element_type=\"column\" data-e-type=\"column\">\n\t\t\t<div class=\"elementor-widget-wrap elementor-element-populated\">\n\t\t\t\t\t\t<div class=\"elementor-element elementor-element-0c11847 elementor-position-top elementor-widget elementor-widget-image-box\" data-id=\"0c11847\" data-element_type=\"widget\" data-e-type=\"widget\" data-widget_type=\"image-box.default\">\n\t\t\t\t<div class=\"elementor-widget-container\">\n\t\t\t\t\t<div class=\"elementor-image-box-wrapper\"><figure class=\"elementor-image-box-img\"><a href=\"https:\/\/www.curitiba.pr.gov.br\/noticias\/broa-de-centeio-curitibana-vira-oficialmente-patrimonio-cultural-da-cidade\/76589\" target=\"_blank\" tabindex=\"-1\"><img fetchpriority=\"high\" decoding=\"async\" width=\"800\" height=\"517\" src=\"https:\/\/broasdecenteio.com.br\/01\/wp-content\/uploads\/2025\/04\/00485438.png\" class=\"attachment-large size-large wp-image-1560\" alt=\"\" srcset=\"https:\/\/broasdecenteio.com.br\/01\/wp-content\/uploads\/2025\/04\/00485438.png 800w, https:\/\/broasdecenteio.com.br\/01\/wp-content\/uploads\/2025\/04\/00485438-300x194.png 300w, https:\/\/broasdecenteio.com.br\/01\/wp-content\/uploads\/2025\/04\/00485438-768x496.png 768w\" sizes=\"(max-width: 800px) 100vw, 800px\" \/><\/a><\/figure><div class=\"elementor-image-box-content\"><h3 class=\"elementor-image-box-title\"><a href=\"https:\/\/www.curitiba.pr.gov.br\/noticias\/broa-de-centeio-curitibana-vira-oficialmente-patrimonio-cultural-da-cidade\/76589\" target=\"_blank\">Reconhecimento pela Prefeitura Municipal de Curitiba<\/a><\/h3><p class=\"elementor-image-box-description\">Foi concedido ao projeto das Broas de Centeio titulo de Patrim\u00f4nio Cultural e Imaterial de Curitiba. Veja a publica\u00e7\u00e3o clicando na imagem.<\/p><\/div><\/div>\t\t\t\t<\/div>\n\t\t\t\t<\/div>\n\t\t\t\t\t<\/div>\n\t\t<\/div>\n\t\t\t\t\t<\/div>\n\t\t<\/section>\n\t\t\t\t<\/div>\n\t\t","protected":false},"excerpt":{"rendered":"<p>Reconhecimento pela Prefeitura Municipal de Curitiba Foi concedido ao projeto das Broas de Centeio titulo de Patrim\u00f4nio Cultural e Imaterial de Curitiba. Veja a publica\u00e7\u00e3o clicando na imagem.<\/p>\n","protected":false},"author":1,"featured_media":1560,"comment_status":"closed","ping_status":"open","sticky":false,"template":"","format":"standard","meta":{"neve_meta_sidebar":"","neve_meta_container":"","neve_meta_enable_content_width":"","neve_meta_content_width":0,"neve_meta_title_alignment":"","neve_meta_author_avatar":"","neve_post_elements_order":"","neve_meta_disable_header":"","neve_meta_disable_footer":"","neve_meta_disable_title":"","footnotes":""},"categories":[1],"tags":[],"class_list":["post-1558","post","type-post","status-publish","format-standard","has-post-thumbnail","hentry","category-uncategorized"],"_links":{"self":[{"href":"https:\/\/broasdecenteio.com.br\/01\/wp-json\/wp\/v2\/posts\/1558","targetHints":{"allow":["GET"]}}],"collection":[{"href":"https:\/\/broasdecenteio.com.br\/01\/wp-json\/wp\/v2\/posts"}],"about":[{"href":"https:\/\/broasdecenteio.com.br\/01\/wp-json\/wp\/v2\/types\/post"}],"author":[{"embeddable":true,"href":"https:\/\/broasdecenteio.com.br\/01\/wp-json\/wp\/v2\/users\/1"}],"replies":[{"embeddable":true,"href":"https:\/\/broasdecenteio.com.br\/01\/wp-json\/wp\/v2\/comments?post=1558"}],"version-history":[{"count":4,"href":"https:\/\/broasdecenteio.com.br\/01\/wp-json\/wp\/v2\/posts\/1558\/revisions"}],"predecessor-version":[{"id":1563,"href":"https:\/\/broasdecenteio.com.br\/01\/wp-json\/wp\/v2\/posts\/1558\/revisions\/1563"}],"wp:featuredmedia":[{"embeddable":true,"href":"https:\/\/broasdecenteio.com.br\/01\/wp-json\/wp\/v2\/media\/1560"}],"wp:attachment":[{"href":"https:\/\/broasdecenteio.com.br\/01\/wp-json\/wp\/v2\/media?parent=1558"}],"wp:term":[{"taxonomy":"category","embeddable":true,"href":"https:\/\/broasdecenteio.com.br\/01\/wp-json\/wp\/v2\/categories?post=1558"},{"taxonomy":"post_tag","embeddable":true,"href":"https:\/\/broasdecenteio.com.br\/01\/wp-json\/wp\/v2\/tags?post=1558"}],"curies":[{"name":"wp","href":"https:\/\/api.w.org\/{rel}","templated":true}]}}