{"id":1564,"date":"2025-04-02T16:51:05","date_gmt":"2025-04-02T19:51:05","guid":{"rendered":"https:\/\/broasdecenteio.com.br\/01\/?p=1564"},"modified":"2025-04-02T16:54:51","modified_gmt":"2025-04-02T19:54:51","slug":"rpc-bom-dia-parana","status":"publish","type":"post","link":"https:\/\/broasdecenteio.com.br\/01\/2025\/04\/02\/rpc-bom-dia-parana\/","title":{"rendered":"RPC Bom dia Paran\u00e1"},"content":{"rendered":"\t\t<div data-elementor-type=\"wp-post\" data-elementor-id=\"1564\" class=\"elementor elementor-1564\">\n\t\t\t\t\t\t<section class=\"elementor-section elementor-top-section elementor-element elementor-element-54eb98b elementor-section-boxed elementor-section-height-default elementor-section-height-default wpr-particle-no wpr-jarallax-no wpr-parallax-no wpr-sticky-section-no\" data-id=\"54eb98b\" data-element_type=\"section\" data-e-type=\"section\">\n\t\t\t\t\t\t<div class=\"elementor-container elementor-column-gap-default\">\n\t\t\t\t\t<div class=\"elementor-column elementor-col-100 elementor-top-column elementor-element elementor-element-fa25989\" data-id=\"fa25989\" data-element_type=\"column\" data-e-type=\"column\">\n\t\t\t<div class=\"elementor-widget-wrap elementor-element-populated\">\n\t\t\t\t\t\t<div class=\"elementor-element elementor-element-475d789 elementor-position-top elementor-widget elementor-widget-image-box\" data-id=\"475d789\" data-element_type=\"widget\" data-e-type=\"widget\" data-widget_type=\"image-box.default\">\n\t\t\t\t<div class=\"elementor-widget-container\">\n\t\t\t\t\t<div class=\"elementor-image-box-wrapper\"><figure class=\"elementor-image-box-img\"><img fetchpriority=\"high\" decoding=\"async\" width=\"1020\" height=\"584\" src=\"https:\/\/broasdecenteio.com.br\/01\/wp-content\/uploads\/2025\/04\/broa-rpc-bom-dia-parana.jpg\" class=\"attachment-full size-full wp-image-1565\" alt=\"\" srcset=\"https:\/\/broasdecenteio.com.br\/01\/wp-content\/uploads\/2025\/04\/broa-rpc-bom-dia-parana.jpg 1020w, https:\/\/broasdecenteio.com.br\/01\/wp-content\/uploads\/2025\/04\/broa-rpc-bom-dia-parana-300x172.jpg 300w, https:\/\/broasdecenteio.com.br\/01\/wp-content\/uploads\/2025\/04\/broa-rpc-bom-dia-parana-768x440.jpg 768w\" sizes=\"(max-width: 1020px) 100vw, 1020px\" \/><\/figure><div class=\"elementor-image-box-content\"><h3 class=\"elementor-image-box-title\">Broa de centeio curitibana vira Patrim\u00f4nio Cultural de Curitiba<\/h3><p class=\"elementor-image-box-description\">T\u00edtulo refor\u00e7a a import\u00e2ncia hist\u00f3rica e cultural da broa de centeio. Veja as palavras do vice diretor do SIPCEP sobre como foi essa conquista. Clique na imagem e veja a mat\u00e9ria na integra.<\/p><\/div><\/div>\t\t\t\t<\/div>\n\t\t\t\t<\/div>\n\t\t\t\t\t<\/div>\n\t\t<\/div>\n\t\t\t\t\t<\/div>\n\t\t<\/section>\n\t\t\t\t<\/div>\n\t\t","protected":false},"excerpt":{"rendered":"<p>Broa de centeio curitibana vira Patrim\u00f4nio Cultural de Curitiba T\u00edtulo refor\u00e7a a import\u00e2ncia hist\u00f3rica e cultural da broa de centeio. Veja as palavras do vice diretor do SIPCEP sobre como foi essa conquista. Clique na imagem e veja a mat\u00e9ria na integra.<\/p>\n","protected":false},"author":1,"featured_media":1565,"comment_status":"closed","ping_status":"open","sticky":false,"template":"","format":"standard","meta":{"neve_meta_sidebar":"","neve_meta_container":"","neve_meta_enable_content_width":"","neve_meta_content_width":0,"neve_meta_title_alignment":"","neve_meta_author_avatar":"","neve_post_elements_order":"","neve_meta_disable_header":"","neve_meta_disable_footer":"","neve_meta_disable_title":"","footnotes":""},"categories":[1],"tags":[],"class_list":["post-1564","post","type-post","status-publish","format-standard","has-post-thumbnail","hentry","category-uncategorized"],"_links":{"self":[{"href":"https:\/\/broasdecenteio.com.br\/01\/wp-json\/wp\/v2\/posts\/1564","targetHints":{"allow":["GET"]}}],"collection":[{"href":"https:\/\/broasdecenteio.com.br\/01\/wp-json\/wp\/v2\/posts"}],"about":[{"href":"https:\/\/broasdecenteio.com.br\/01\/wp-json\/wp\/v2\/types\/post"}],"author":[{"embeddable":true,"href":"https:\/\/broasdecenteio.com.br\/01\/wp-json\/wp\/v2\/users\/1"}],"replies":[{"embeddable":true,"href":"https:\/\/broasdecenteio.com.br\/01\/wp-json\/wp\/v2\/comments?post=1564"}],"version-history":[{"count":4,"href":"https:\/\/broasdecenteio.com.br\/01\/wp-json\/wp\/v2\/posts\/1564\/revisions"}],"predecessor-version":[{"id":1569,"href":"https:\/\/broasdecenteio.com.br\/01\/wp-json\/wp\/v2\/posts\/1564\/revisions\/1569"}],"wp:featuredmedia":[{"embeddable":true,"href":"https:\/\/broasdecenteio.com.br\/01\/wp-json\/wp\/v2\/media\/1565"}],"wp:attachment":[{"href":"https:\/\/broasdecenteio.com.br\/01\/wp-json\/wp\/v2\/media?parent=1564"}],"wp:term":[{"taxonomy":"category","embeddable":true,"href":"https:\/\/broasdecenteio.com.br\/01\/wp-json\/wp\/v2\/categories?post=1564"},{"taxonomy":"post_tag","embeddable":true,"href":"https:\/\/broasdecenteio.com.br\/01\/wp-json\/wp\/v2\/tags?post=1564"}],"curies":[{"name":"wp","href":"https:\/\/api.w.org\/{rel}","templated":true}]}}