{"id":1591,"date":"2025-04-08T09:18:20","date_gmt":"2025-04-08T12:18:20","guid":{"rendered":"https:\/\/broasdecenteio.com.br\/01\/?p=1591"},"modified":"2025-04-08T09:30:57","modified_gmt":"2025-04-08T12:30:57","slug":"projeto-sebrae-pelo-brasil","status":"publish","type":"post","link":"https:\/\/broasdecenteio.com.br\/01\/2025\/04\/08\/projeto-sebrae-pelo-brasil\/","title":{"rendered":"Projeto SEBRAE Pelo Brasil."},"content":{"rendered":"\t\t<div data-elementor-type=\"wp-post\" data-elementor-id=\"1591\" class=\"elementor elementor-1591\">\n\t\t\t\t\t\t<section class=\"elementor-section elementor-top-section elementor-element elementor-element-2a5faa5 elementor-section-boxed elementor-section-height-default elementor-section-height-default wpr-particle-no wpr-jarallax-no wpr-parallax-no wpr-sticky-section-no\" data-id=\"2a5faa5\" data-element_type=\"section\" data-e-type=\"section\">\n\t\t\t\t\t\t<div class=\"elementor-container elementor-column-gap-default\">\n\t\t\t\t\t<div class=\"elementor-column elementor-col-100 elementor-top-column elementor-element elementor-element-c487493\" data-id=\"c487493\" data-element_type=\"column\" data-e-type=\"column\">\n\t\t\t<div class=\"elementor-widget-wrap elementor-element-populated\">\n\t\t\t\t\t\t<div class=\"elementor-element elementor-element-8a730b9 elementor-widget elementor-widget-heading\" data-id=\"8a730b9\" data-element_type=\"widget\" data-e-type=\"widget\" data-widget_type=\"heading.default\">\n\t\t\t\t<div class=\"elementor-widget-container\">\n\t\t\t\t\t<h2 class=\"elementor-heading-title elementor-size-default\">SEBRAE e as Broas de Centeio<\/h2>\t\t\t\t<\/div>\n\t\t\t\t<\/div>\n\t\t\t\t<div class=\"elementor-element elementor-element-32aacc7 elementor-widget elementor-widget-text-editor\" data-id=\"32aacc7\" data-element_type=\"widget\" data-e-type=\"widget\" data-widget_type=\"text-editor.default\">\n\t\t\t\t<div class=\"elementor-widget-container\">\n\t\t\t\t\t\t\t\t\t<p>Nesta sexta feira dia 04 de abril de 2025 representantes do SEBRAE reconheceram as Broas de Centeio e suas conquista com o selo IG e o titulo de Patrim\u00f4nio Cultural e Imaterial de Curitiba assim como a sua import\u00e2ncia para o setor. O atual vice governador do estado Darci Piana, assim como presidente do SEBRAE Nacional, D\u00e9cio Lima, deram suas palavras para a import\u00e2ncia do setor.<\/p>\t\t\t\t\t\t\t\t<\/div>\n\t\t\t\t<\/div>\n\t\t\t\t<div class=\"elementor-element elementor-element-afff38c elementor-widget elementor-widget-image\" data-id=\"afff38c\" data-element_type=\"widget\" data-e-type=\"widget\" data-widget_type=\"image.default\">\n\t\t\t\t<div class=\"elementor-widget-container\">\n\t\t\t\t\t\t\t\t\t\t\t\t\t\t\t<img fetchpriority=\"high\" decoding=\"async\" width=\"768\" height=\"1024\" src=\"https:\/\/broasdecenteio.com.br\/01\/wp-content\/uploads\/2025\/04\/WhatsApp-Image-2025-04-05-at-20.24.20-768x1024.jpeg\" class=\"attachment-large size-large wp-image-1601\" alt=\"\" srcset=\"https:\/\/broasdecenteio.com.br\/01\/wp-content\/uploads\/2025\/04\/WhatsApp-Image-2025-04-05-at-20.24.20-768x1024.jpeg 768w, https:\/\/broasdecenteio.com.br\/01\/wp-content\/uploads\/2025\/04\/WhatsApp-Image-2025-04-05-at-20.24.20-225x300.jpeg 225w, https:\/\/broasdecenteio.com.br\/01\/wp-content\/uploads\/2025\/04\/WhatsApp-Image-2025-04-05-at-20.24.20-1152x1536.jpeg 1152w, https:\/\/broasdecenteio.com.br\/01\/wp-content\/uploads\/2025\/04\/WhatsApp-Image-2025-04-05-at-20.24.20.jpeg 1200w\" sizes=\"(max-width: 768px) 100vw, 768px\" \/>\t\t\t\t\t\t\t\t\t\t\t\t\t\t\t<\/div>\n\t\t\t\t<\/div>\n\t\t\t\t<div class=\"elementor-element elementor-element-9e115d7 elementor-widget elementor-widget-heading\" data-id=\"9e115d7\" data-element_type=\"widget\" data-e-type=\"widget\" data-widget_type=\"heading.default\">\n\t\t\t\t<div class=\"elementor-widget-container\">\n\t\t\t\t\t<h2 class=\"elementor-heading-title elementor-size-default\">Em visita a Curitiba, presidente do SEBRAE Nacional refor\u00e7a a pot\u00eancia do turismo inteligente da capital.<\/h2>\t\t\t\t<\/div>\n\t\t\t\t<\/div>\n\t\t\t\t\t<\/div>\n\t\t<\/div>\n\t\t\t\t\t<\/div>\n\t\t<\/section>\n\t\t\t\t<section class=\"elementor-section elementor-top-section elementor-element elementor-element-683d908 elementor-section-boxed elementor-section-height-default elementor-section-height-default wpr-particle-no wpr-jarallax-no wpr-parallax-no wpr-sticky-section-no\" data-id=\"683d908\" data-element_type=\"section\" data-e-type=\"section\">\n\t\t\t\t\t\t<div class=\"elementor-container elementor-column-gap-default\">\n\t\t\t\t\t<div class=\"elementor-column elementor-col-25 elementor-top-column elementor-element elementor-element-b43730e\" data-id=\"b43730e\" data-element_type=\"column\" data-e-type=\"column\">\n\t\t\t<div class=\"elementor-widget-wrap elementor-element-populated\">\n\t\t\t\t\t\t<div class=\"elementor-element elementor-element-f1be7ec elementor-widget elementor-widget-video\" data-id=\"f1be7ec\" data-element_type=\"widget\" data-e-type=\"widget\" data-settings=\"{&quot;video_type&quot;:&quot;hosted&quot;,&quot;controls&quot;:&quot;yes&quot;}\" data-widget_type=\"video.default\">\n\t\t\t\t<div class=\"elementor-widget-container\">\n\t\t\t\t\t\t\t<div class=\"e-hosted-video elementor-wrapper elementor-open-inline\">\n\t\t\t\t\t<video class=\"elementor-video\" src=\"https:\/\/broasdecenteio.com.br\/01\/wp-content\/uploads\/2025\/04\/WhatsApp-Video-2025-04-05-at-20.24.19.mp4\" controls=\"\" preload=\"metadata\" controlsList=\"nodownload\"><\/video>\n\t\t\t\t<\/div>\n\t\t\t\t\t\t<\/div>\n\t\t\t\t<\/div>\n\t\t\t\t<div class=\"elementor-element elementor-element-a1acd73 elementor-widget elementor-widget-text-editor\" data-id=\"a1acd73\" data-element_type=\"widget\" data-e-type=\"widget\" data-widget_type=\"text-editor.default\">\n\t\t\t\t<div class=\"elementor-widget-container\">\n\t\t\t\t\t\t\t\t\t<p>Vice presidente do SIPCEP Eduardo Engelhardt entregando livros da historica Broa de Centeio, recem reconhecida como Patrim\u00f4nio Cultural e Imaterial de Curitiba.<\/p>\t\t\t\t\t\t\t\t<\/div>\n\t\t\t\t<\/div>\n\t\t\t\t\t<\/div>\n\t\t<\/div>\n\t\t\t\t<div class=\"elementor-column elementor-col-25 elementor-top-column elementor-element elementor-element-86d5248\" data-id=\"86d5248\" data-element_type=\"column\" data-e-type=\"column\">\n\t\t\t<div class=\"elementor-widget-wrap elementor-element-populated\">\n\t\t\t\t\t\t<div class=\"elementor-element elementor-element-7978639 elementor-widget elementor-widget-video\" data-id=\"7978639\" data-element_type=\"widget\" data-e-type=\"widget\" data-settings=\"{&quot;video_type&quot;:&quot;hosted&quot;,&quot;controls&quot;:&quot;yes&quot;}\" data-widget_type=\"video.default\">\n\t\t\t\t<div class=\"elementor-widget-container\">\n\t\t\t\t\t\t\t<div class=\"e-hosted-video elementor-wrapper elementor-open-inline\">\n\t\t\t\t\t<video class=\"elementor-video\" src=\"https:\/\/broasdecenteio.com.br\/01\/wp-content\/uploads\/2025\/04\/WhatsApp-Video-2025-04-05-at-20.24.20-1.mp4\" controls=\"\" preload=\"metadata\" controlsList=\"nodownload\"><\/video>\n\t\t\t\t<\/div>\n\t\t\t\t\t\t<\/div>\n\t\t\t\t<\/div>\n\t\t\t\t<div class=\"elementor-element elementor-element-e18b505 elementor-widget elementor-widget-text-editor\" data-id=\"e18b505\" data-element_type=\"widget\" data-e-type=\"widget\" data-widget_type=\"text-editor.default\">\n\t\t\t\t<div class=\"elementor-widget-container\">\n\t\t\t\t\t\t\t\t\t<p>Associa\u00e7\u00e3o amigos da on\u00e7a e destacando todo o trabalho que se desenvolve diante v\u00e1rios setores gastron\u00f4micos e tur\u00edsticos da cidade<\/p>\t\t\t\t\t\t\t\t<\/div>\n\t\t\t\t<\/div>\n\t\t\t\t\t<\/div>\n\t\t<\/div>\n\t\t\t\t<div class=\"elementor-column elementor-col-25 elementor-top-column elementor-element elementor-element-4beb40c\" data-id=\"4beb40c\" data-element_type=\"column\" data-e-type=\"column\">\n\t\t\t<div class=\"elementor-widget-wrap elementor-element-populated\">\n\t\t\t\t\t\t<div class=\"elementor-element elementor-element-4c739ce elementor-widget elementor-widget-video\" data-id=\"4c739ce\" data-element_type=\"widget\" data-e-type=\"widget\" data-settings=\"{&quot;video_type&quot;:&quot;hosted&quot;,&quot;controls&quot;:&quot;yes&quot;}\" data-widget_type=\"video.default\">\n\t\t\t\t<div class=\"elementor-widget-container\">\n\t\t\t\t\t\t\t<div class=\"e-hosted-video elementor-wrapper elementor-open-inline\">\n\t\t\t\t\t<video class=\"elementor-video\" src=\"https:\/\/broasdecenteio.com.br\/01\/wp-content\/uploads\/2025\/04\/WhatsApp-Video-2025-04-05-at-20.24.20-2.mp4\" controls=\"\" preload=\"metadata\" controlsList=\"nodownload\"><\/video>\n\t\t\t\t<\/div>\n\t\t\t\t\t\t<\/div>\n\t\t\t\t<\/div>\n\t\t\t\t<div class=\"elementor-element elementor-element-c06c7e0 elementor-widget elementor-widget-text-editor\" data-id=\"c06c7e0\" data-element_type=\"widget\" data-e-type=\"widget\" data-widget_type=\"text-editor.default\">\n\t\t\t\t<div class=\"elementor-widget-container\">\n\t\t\t\t\t\t\t\t\t<p>Atual Vice governador Darci Piana agradecendo ao presidente do SEBRAE Nacional D\u00e9cio Lima, assim como ao presidente da c\u00e2mara de Curitiba Tico Kusma, entre tantos outros que atuam para fortalecer o comercio local.<\/p>\t\t\t\t\t\t\t\t<\/div>\n\t\t\t\t<\/div>\n\t\t\t\t\t<\/div>\n\t\t<\/div>\n\t\t\t\t<div class=\"elementor-column elementor-col-25 elementor-top-column elementor-element elementor-element-2d632a3\" data-id=\"2d632a3\" data-element_type=\"column\" data-e-type=\"column\">\n\t\t\t<div class=\"elementor-widget-wrap elementor-element-populated\">\n\t\t\t\t\t\t<div class=\"elementor-element elementor-element-a3fc68b elementor-widget elementor-widget-video\" data-id=\"a3fc68b\" data-element_type=\"widget\" data-e-type=\"widget\" data-settings=\"{&quot;video_type&quot;:&quot;hosted&quot;,&quot;controls&quot;:&quot;yes&quot;}\" data-widget_type=\"video.default\">\n\t\t\t\t<div class=\"elementor-widget-container\">\n\t\t\t\t\t\t\t<div class=\"e-hosted-video elementor-wrapper elementor-open-inline\">\n\t\t\t\t\t<video class=\"elementor-video\" src=\"https:\/\/broasdecenteio.com.br\/01\/wp-content\/uploads\/2025\/04\/WhatsApp-Video-2025-04-05-at-20.24.20.mp4\" controls=\"\" preload=\"metadata\" controlsList=\"nodownload\"><\/video>\n\t\t\t\t<\/div>\n\t\t\t\t\t\t<\/div>\n\t\t\t\t<\/div>\n\t\t\t\t<div class=\"elementor-element elementor-element-b0a0f01 elementor-widget elementor-widget-text-editor\" data-id=\"b0a0f01\" data-element_type=\"widget\" data-e-type=\"widget\" data-widget_type=\"text-editor.default\">\n\t\t\t\t<div class=\"elementor-widget-container\">\n\t\t\t\t\t\t\t\t\t<p>Vitor Tioqueta, a visita de D\u00e9cio Lima \u00e9 uma grande oportunidade de mostrar um esfor\u00e7o de mais de duas d\u00e9cadas em favor do turismo paranaense e das micro e pequenas empresas que fazem parte do setor.<\/p>\t\t\t\t\t\t\t\t<\/div>\n\t\t\t\t<\/div>\n\t\t\t\t\t<\/div>\n\t\t<\/div>\n\t\t\t\t\t<\/div>\n\t\t<\/section>\n\t\t\t\t<section class=\"elementor-section elementor-top-section elementor-element elementor-element-972e43c elementor-section-boxed elementor-section-height-default elementor-section-height-default wpr-particle-no wpr-jarallax-no wpr-parallax-no wpr-sticky-section-no\" data-id=\"972e43c\" data-element_type=\"section\" data-e-type=\"section\">\n\t\t\t\t\t\t<div class=\"elementor-container elementor-column-gap-default\">\n\t\t\t\t\t<div class=\"elementor-column elementor-col-100 elementor-top-column elementor-element elementor-element-cde5c62\" data-id=\"cde5c62\" data-element_type=\"column\" data-e-type=\"column\">\n\t\t\t<div class=\"elementor-widget-wrap elementor-element-populated\">\n\t\t\t\t\t\t<div class=\"elementor-element elementor-element-65bebca elementor-widget elementor-widget-heading\" data-id=\"65bebca\" data-element_type=\"widget\" data-e-type=\"widget\" data-widget_type=\"heading.default\">\n\t\t\t\t<div class=\"elementor-widget-container\">\n\t\t\t\t\t<h2 class=\"elementor-heading-title elementor-size-default\">Veja mais fotos do evento aqui a baixo.<\/h2>\t\t\t\t<\/div>\n\t\t\t\t<\/div>\n\t\t\t\t<div class=\"elementor-element elementor-element-8861b77 elementor-widget elementor-widget-gallery\" data-id=\"8861b77\" data-element_type=\"widget\" data-e-type=\"widget\" data-settings=\"{&quot;lazyload&quot;:&quot;yes&quot;,&quot;gallery_layout&quot;:&quot;grid&quot;,&quot;columns&quot;:4,&quot;columns_tablet&quot;:2,&quot;columns_mobile&quot;:1,&quot;gap&quot;:{&quot;unit&quot;:&quot;px&quot;,&quot;size&quot;:10,&quot;sizes&quot;:[]},&quot;gap_tablet&quot;:{&quot;unit&quot;:&quot;px&quot;,&quot;size&quot;:10,&quot;sizes&quot;:[]},&quot;gap_mobile&quot;:{&quot;unit&quot;:&quot;px&quot;,&quot;size&quot;:10,&quot;sizes&quot;:[]},&quot;link_to&quot;:&quot;file&quot;,&quot;aspect_ratio&quot;:&quot;3:2&quot;,&quot;overlay_background&quot;:&quot;yes&quot;,&quot;content_hover_animation&quot;:&quot;fade-in&quot;}\" data-widget_type=\"gallery.default\">\n\t\t\t\t<div class=\"elementor-widget-container\">\n\t\t\t\t\t\t\t<div class=\"elementor-gallery__container\">\n\t\t\t\t\t\t\t<a class=\"e-gallery-item elementor-gallery-item elementor-animated-content\" href=\"https:\/\/broasdecenteio.com.br\/01\/wp-content\/uploads\/2025\/04\/WhatsApp-Image-2025-04-05-at-20.24.20.jpeg\" data-elementor-open-lightbox=\"yes\" data-elementor-lightbox-slideshow=\"all-8861b77\" data-e-action-hash=\"#elementor-action%3Aaction%3Dlightbox%26settings%3DeyJpZCI6MTYwMSwidXJsIjoiaHR0cHM6XC9cL2Jyb2FzZGVjZW50ZWlvLmNvbS5iclwvMDFcL3dwLWNvbnRlbnRcL3VwbG9hZHNcLzIwMjVcLzA0XC9XaGF0c0FwcC1JbWFnZS0yMDI1LTA0LTA1LWF0LTIwLjI0LjIwLmpwZWciLCJzbGlkZXNob3ciOiJhbGwtODg2MWI3NyJ9\">\n\t\t\t\t\t<div class=\"e-gallery-image elementor-gallery-item__image\" data-thumbnail=\"https:\/\/broasdecenteio.com.br\/01\/wp-content\/uploads\/2025\/04\/WhatsApp-Image-2025-04-05-at-20.24.20-225x300.jpeg\" data-width=\"225\" data-height=\"300\" alt=\"\" ><\/div>\n\t\t\t\t\t\t\t\t\t\t\t<div class=\"elementor-gallery-item__overlay\"><\/div>\n\t\t\t\t\t\t\t\t\t\t\t\t\t\t<\/a>\n\t\t\t\t\t\t\t<a class=\"e-gallery-item elementor-gallery-item elementor-animated-content\" href=\"https:\/\/broasdecenteio.com.br\/01\/wp-content\/uploads\/2025\/04\/WhatsApp-Image-2025-04-05-at-20.24.20-1.jpeg\" data-elementor-open-lightbox=\"yes\" data-elementor-lightbox-slideshow=\"all-8861b77\" data-e-action-hash=\"#elementor-action%3Aaction%3Dlightbox%26settings%3DeyJpZCI6MTYwMCwidXJsIjoiaHR0cHM6XC9cL2Jyb2FzZGVjZW50ZWlvLmNvbS5iclwvMDFcL3dwLWNvbnRlbnRcL3VwbG9hZHNcLzIwMjVcLzA0XC9XaGF0c0FwcC1JbWFnZS0yMDI1LTA0LTA1LWF0LTIwLjI0LjIwLTEuanBlZyIsInNsaWRlc2hvdyI6ImFsbC04ODYxYjc3In0%3D\">\n\t\t\t\t\t<div class=\"e-gallery-image elementor-gallery-item__image\" data-thumbnail=\"https:\/\/broasdecenteio.com.br\/01\/wp-content\/uploads\/2025\/04\/WhatsApp-Image-2025-04-05-at-20.24.20-1-225x300.jpeg\" data-width=\"225\" data-height=\"300\" alt=\"\" ><\/div>\n\t\t\t\t\t\t\t\t\t\t\t<div class=\"elementor-gallery-item__overlay\"><\/div>\n\t\t\t\t\t\t\t\t\t\t\t\t\t\t<\/a>\n\t\t\t\t\t\t\t<a class=\"e-gallery-item elementor-gallery-item elementor-animated-content\" href=\"https:\/\/broasdecenteio.com.br\/01\/wp-content\/uploads\/2025\/04\/WhatsApp-Image-2025-04-05-at-20.24.19.jpeg\" data-elementor-open-lightbox=\"yes\" data-elementor-lightbox-slideshow=\"all-8861b77\" data-e-action-hash=\"#elementor-action%3Aaction%3Dlightbox%26settings%3DeyJpZCI6MTU5OSwidXJsIjoiaHR0cHM6XC9cL2Jyb2FzZGVjZW50ZWlvLmNvbS5iclwvMDFcL3dwLWNvbnRlbnRcL3VwbG9hZHNcLzIwMjVcLzA0XC9XaGF0c0FwcC1JbWFnZS0yMDI1LTA0LTA1LWF0LTIwLjI0LjE5LmpwZWciLCJzbGlkZXNob3ciOiJhbGwtODg2MWI3NyJ9\">\n\t\t\t\t\t<div class=\"e-gallery-image elementor-gallery-item__image\" data-thumbnail=\"https:\/\/broasdecenteio.com.br\/01\/wp-content\/uploads\/2025\/04\/WhatsApp-Image-2025-04-05-at-20.24.19-225x300.jpeg\" data-width=\"225\" data-height=\"300\" alt=\"\" ><\/div>\n\t\t\t\t\t\t\t\t\t\t\t<div class=\"elementor-gallery-item__overlay\"><\/div>\n\t\t\t\t\t\t\t\t\t\t\t\t\t\t<\/a>\n\t\t\t\t\t\t\t<a class=\"e-gallery-item elementor-gallery-item elementor-animated-content\" href=\"https:\/\/broasdecenteio.com.br\/01\/wp-content\/uploads\/2025\/04\/WhatsApp-Image-2025-04-05-at-20.24.19-3.jpeg\" data-elementor-open-lightbox=\"yes\" data-elementor-lightbox-slideshow=\"all-8861b77\" data-e-action-hash=\"#elementor-action%3Aaction%3Dlightbox%26settings%3DeyJpZCI6MTU5OCwidXJsIjoiaHR0cHM6XC9cL2Jyb2FzZGVjZW50ZWlvLmNvbS5iclwvMDFcL3dwLWNvbnRlbnRcL3VwbG9hZHNcLzIwMjVcLzA0XC9XaGF0c0FwcC1JbWFnZS0yMDI1LTA0LTA1LWF0LTIwLjI0LjE5LTMuanBlZyIsInNsaWRlc2hvdyI6ImFsbC04ODYxYjc3In0%3D\">\n\t\t\t\t\t<div class=\"e-gallery-image elementor-gallery-item__image\" data-thumbnail=\"https:\/\/broasdecenteio.com.br\/01\/wp-content\/uploads\/2025\/04\/WhatsApp-Image-2025-04-05-at-20.24.19-3-225x300.jpeg\" data-width=\"225\" data-height=\"300\" alt=\"\" ><\/div>\n\t\t\t\t\t\t\t\t\t\t\t<div class=\"elementor-gallery-item__overlay\"><\/div>\n\t\t\t\t\t\t\t\t\t\t\t\t\t\t<\/a>\n\t\t\t\t\t\t\t<a class=\"e-gallery-item elementor-gallery-item elementor-animated-content\" href=\"https:\/\/broasdecenteio.com.br\/01\/wp-content\/uploads\/2025\/04\/WhatsApp-Image-2025-04-05-at-20.24.19-2.jpeg\" data-elementor-open-lightbox=\"yes\" data-elementor-lightbox-slideshow=\"all-8861b77\" data-e-action-hash=\"#elementor-action%3Aaction%3Dlightbox%26settings%3DeyJpZCI6MTU5NywidXJsIjoiaHR0cHM6XC9cL2Jyb2FzZGVjZW50ZWlvLmNvbS5iclwvMDFcL3dwLWNvbnRlbnRcL3VwbG9hZHNcLzIwMjVcLzA0XC9XaGF0c0FwcC1JbWFnZS0yMDI1LTA0LTA1LWF0LTIwLjI0LjE5LTIuanBlZyIsInNsaWRlc2hvdyI6ImFsbC04ODYxYjc3In0%3D\">\n\t\t\t\t\t<div class=\"e-gallery-image elementor-gallery-item__image\" data-thumbnail=\"https:\/\/broasdecenteio.com.br\/01\/wp-content\/uploads\/2025\/04\/WhatsApp-Image-2025-04-05-at-20.24.19-2-225x300.jpeg\" data-width=\"225\" data-height=\"300\" alt=\"\" ><\/div>\n\t\t\t\t\t\t\t\t\t\t\t<div class=\"elementor-gallery-item__overlay\"><\/div>\n\t\t\t\t\t\t\t\t\t\t\t\t\t\t<\/a>\n\t\t\t\t\t\t\t<a class=\"e-gallery-item elementor-gallery-item elementor-animated-content\" href=\"https:\/\/broasdecenteio.com.br\/01\/wp-content\/uploads\/2025\/04\/WhatsApp-Image-2025-04-05-at-20.24.19-1.jpeg\" data-elementor-open-lightbox=\"yes\" data-elementor-lightbox-slideshow=\"all-8861b77\" data-e-action-hash=\"#elementor-action%3Aaction%3Dlightbox%26settings%3DeyJpZCI6MTU5NiwidXJsIjoiaHR0cHM6XC9cL2Jyb2FzZGVjZW50ZWlvLmNvbS5iclwvMDFcL3dwLWNvbnRlbnRcL3VwbG9hZHNcLzIwMjVcLzA0XC9XaGF0c0FwcC1JbWFnZS0yMDI1LTA0LTA1LWF0LTIwLjI0LjE5LTEuanBlZyIsInNsaWRlc2hvdyI6ImFsbC04ODYxYjc3In0%3D\">\n\t\t\t\t\t<div class=\"e-gallery-image elementor-gallery-item__image\" data-thumbnail=\"https:\/\/broasdecenteio.com.br\/01\/wp-content\/uploads\/2025\/04\/WhatsApp-Image-2025-04-05-at-20.24.19-1-225x300.jpeg\" data-width=\"225\" data-height=\"300\" alt=\"\" ><\/div>\n\t\t\t\t\t\t\t\t\t\t\t<div class=\"elementor-gallery-item__overlay\"><\/div>\n\t\t\t\t\t\t\t\t\t\t\t\t\t\t<\/a>\n\t\t\t\t\t\t\t<a class=\"e-gallery-item elementor-gallery-item elementor-animated-content\" href=\"https:\/\/broasdecenteio.com.br\/01\/wp-content\/uploads\/2025\/04\/WhatsApp-Image-2025-04-05-at-20.24.18.jpeg\" data-elementor-open-lightbox=\"yes\" data-elementor-lightbox-slideshow=\"all-8861b77\" data-e-action-hash=\"#elementor-action%3Aaction%3Dlightbox%26settings%3DeyJpZCI6MTU5NSwidXJsIjoiaHR0cHM6XC9cL2Jyb2FzZGVjZW50ZWlvLmNvbS5iclwvMDFcL3dwLWNvbnRlbnRcL3VwbG9hZHNcLzIwMjVcLzA0XC9XaGF0c0FwcC1JbWFnZS0yMDI1LTA0LTA1LWF0LTIwLjI0LjE4LmpwZWciLCJzbGlkZXNob3ciOiJhbGwtODg2MWI3NyJ9\">\n\t\t\t\t\t<div class=\"e-gallery-image elementor-gallery-item__image\" data-thumbnail=\"https:\/\/broasdecenteio.com.br\/01\/wp-content\/uploads\/2025\/04\/WhatsApp-Image-2025-04-05-at-20.24.18-225x300.jpeg\" data-width=\"225\" data-height=\"300\" alt=\"\" ><\/div>\n\t\t\t\t\t\t\t\t\t\t\t<div class=\"elementor-gallery-item__overlay\"><\/div>\n\t\t\t\t\t\t\t\t\t\t\t\t\t\t<\/a>\n\t\t\t\t\t\t\t<a class=\"e-gallery-item elementor-gallery-item elementor-animated-content\" href=\"https:\/\/broasdecenteio.com.br\/01\/wp-content\/uploads\/2025\/04\/Foto-Decio-Almocook.jpg\" data-elementor-open-lightbox=\"yes\" data-elementor-lightbox-slideshow=\"all-8861b77\" data-e-action-hash=\"#elementor-action%3Aaction%3Dlightbox%26settings%3DeyJpZCI6MTU5NCwidXJsIjoiaHR0cHM6XC9cL2Jyb2FzZGVjZW50ZWlvLmNvbS5iclwvMDFcL3dwLWNvbnRlbnRcL3VwbG9hZHNcLzIwMjVcLzA0XC9Gb3RvLURlY2lvLUFsbW9jb29rLmpwZyIsInNsaWRlc2hvdyI6ImFsbC04ODYxYjc3In0%3D\">\n\t\t\t\t\t<div class=\"e-gallery-image elementor-gallery-item__image\" data-thumbnail=\"https:\/\/broasdecenteio.com.br\/01\/wp-content\/uploads\/2025\/04\/Foto-Decio-Almocook-290x300.jpg\" data-width=\"290\" data-height=\"300\" alt=\"\" ><\/div>\n\t\t\t\t\t\t\t\t\t\t\t<div class=\"elementor-gallery-item__overlay\"><\/div>\n\t\t\t\t\t\t\t\t\t\t\t\t\t\t<\/a>\n\t\t\t\t\t<\/div>\n\t\t\t\t\t<\/div>\n\t\t\t\t<\/div>\n\t\t\t\t\t<\/div>\n\t\t<\/div>\n\t\t\t\t\t<\/div>\n\t\t<\/section>\n\t\t\t\t<section class=\"elementor-section elementor-top-section elementor-element elementor-element-0f41b75 elementor-section-boxed elementor-section-height-default elementor-section-height-default wpr-particle-no wpr-jarallax-no wpr-parallax-no wpr-sticky-section-no\" data-id=\"0f41b75\" data-element_type=\"section\" data-e-type=\"section\">\n\t\t\t\t\t\t<div class=\"elementor-container elementor-column-gap-default\">\n\t\t\t\t\t<div class=\"elementor-column elementor-col-100 elementor-top-column elementor-element elementor-element-ab12daf\" data-id=\"ab12daf\" data-element_type=\"column\" data-e-type=\"column\">\n\t\t\t<div class=\"elementor-widget-wrap elementor-element-populated\">\n\t\t\t\t\t\t<div class=\"elementor-element elementor-element-43ee01d elementor-position-top elementor-widget elementor-widget-image-box\" data-id=\"43ee01d\" data-element_type=\"widget\" data-e-type=\"widget\" data-widget_type=\"image-box.default\">\n\t\t\t\t<div class=\"elementor-widget-container\">\n\t\t\t\t\t<div class=\"elementor-image-box-wrapper\"><figure class=\"elementor-image-box-img\"><a href=\"https:\/\/pr.agenciasebrae.com.br\/cultura-empreendedora\/em-visita-a-curitiba-presidente-do-sebrae-nacional-reforca-a-potencia-do-turismo-inteligente-da-capital\/\" tabindex=\"-1\"><img decoding=\"async\" width=\"2160\" height=\"2236\" src=\"https:\/\/broasdecenteio.com.br\/01\/wp-content\/uploads\/2025\/04\/Foto-Decio-Almoco.jpeg\" class=\"attachment-full size-full wp-image-1592\" alt=\"\" srcset=\"https:\/\/broasdecenteio.com.br\/01\/wp-content\/uploads\/2025\/04\/Foto-Decio-Almoco.jpeg 2160w, https:\/\/broasdecenteio.com.br\/01\/wp-content\/uploads\/2025\/04\/Foto-Decio-Almoco-290x300.jpeg 290w, https:\/\/broasdecenteio.com.br\/01\/wp-content\/uploads\/2025\/04\/Foto-Decio-Almoco-989x1024.jpeg 989w, https:\/\/broasdecenteio.com.br\/01\/wp-content\/uploads\/2025\/04\/Foto-Decio-Almoco-768x795.jpeg 768w, https:\/\/broasdecenteio.com.br\/01\/wp-content\/uploads\/2025\/04\/Foto-Decio-Almoco-1484x1536.jpeg 1484w, https:\/\/broasdecenteio.com.br\/01\/wp-content\/uploads\/2025\/04\/Foto-Decio-Almoco-1978x2048.jpeg 1978w\" sizes=\"(max-width: 2160px) 100vw, 2160px\" \/><\/a><\/figure><div class=\"elementor-image-box-content\"><h3 class=\"elementor-image-box-title\"><a href=\"https:\/\/pr.agenciasebrae.com.br\/cultura-empreendedora\/em-visita-a-curitiba-presidente-do-sebrae-nacional-reforca-a-potencia-do-turismo-inteligente-da-capital\/\">Clique na imagem<\/a><\/h3><p class=\"elementor-image-box-description\">Veja todos os detalhes da mat\u00e9ria publicada no site do SEBRAE Paran\u00e1.<\/p><\/div><\/div>\t\t\t\t<\/div>\n\t\t\t\t<\/div>\n\t\t\t\t\t<\/div>\n\t\t<\/div>\n\t\t\t\t\t<\/div>\n\t\t<\/section>\n\t\t\t\t<\/div>\n\t\t","protected":false},"excerpt":{"rendered":"<p>SEBRAE e as Broas de Centeio Nesta sexta feira dia 04 de abril de 2025 representantes do SEBRAE reconheceram as Broas de Centeio e suas conquista com o selo IG e o titulo de Patrim\u00f4nio Cultural e Imaterial de Curitiba assim como a sua import\u00e2ncia para o setor. O atual vice governador do estado Darci Piana, assim como presidente do SEBRAE Nacional, D\u00e9cio Lima, deram suas palavras para a import\u00e2ncia do setor. Em visita a Curitiba, presidente do SEBRAE Nacional refor\u00e7a a pot\u00eancia do turismo inteligente da capital. https:\/\/broasdecenteio.com.br\/01\/wp-content\/uploads\/2025\/04\/WhatsApp-Video-2025-04-05-at-20.24.19.mp4 Vice presidente do SIPCEP Eduardo Engelhardt entregando livros da historica Broa de Centeio, recem reconhecida como Patrim\u00f4nio Cultural e Imaterial de Curitiba. https:\/\/broasdecenteio.com.br\/01\/wp-content\/uploads\/2025\/04\/WhatsApp-Video-2025-04-05-at-20.24.20-1.mp4 Associa\u00e7\u00e3o amigos da on\u00e7a e destacando todo o trabalho que se desenvolve diante v\u00e1rios setores gastron\u00f4micos e tur\u00edsticos da cidade https:\/\/broasdecenteio.com.br\/01\/wp-content\/uploads\/2025\/04\/WhatsApp-Video-2025-04-05-at-20.24.20-2.mp4 Atual Vice governador Darci Piana agradecendo ao presidente do SEBRAE Nacional D\u00e9cio Lima, assim como ao presidente da c\u00e2mara de Curitiba Tico Kusma, entre tantos outros que atuam para fortalecer o comercio local. https:\/\/broasdecenteio.com.br\/01\/wp-content\/uploads\/2025\/04\/WhatsApp-Video-2025-04-05-at-20.24.20.mp4 Vitor Tioqueta, a visita de D\u00e9cio Lima \u00e9 uma grande oportunidade de mostrar um esfor\u00e7o de mais de duas d\u00e9cadas em favor do turismo paranaense e das micro e pequenas empresas que fazem parte do setor. Veja mais fotos do evento aqui a baixo. Clique na imagem Veja todos os detalhes da mat\u00e9ria publicada no site do SEBRAE Paran\u00e1.<\/p>\n","protected":false},"author":1,"featured_media":1601,"comment_status":"closed","ping_status":"open","sticky":false,"template":"","format":"standard","meta":{"neve_meta_sidebar":"","neve_meta_container":"","neve_meta_enable_content_width":"","neve_meta_content_width":0,"neve_meta_title_alignment":"","neve_meta_author_avatar":"","neve_post_elements_order":"","neve_meta_disable_header":"","neve_meta_disable_footer":"","neve_meta_disable_title":"","footnotes":""},"categories":[1],"tags":[],"class_list":["post-1591","post","type-post","status-publish","format-standard","has-post-thumbnail","hentry","category-uncategorized"],"_links":{"self":[{"href":"https:\/\/broasdecenteio.com.br\/01\/wp-json\/wp\/v2\/posts\/1591","targetHints":{"allow":["GET"]}}],"collection":[{"href":"https:\/\/broasdecenteio.com.br\/01\/wp-json\/wp\/v2\/posts"}],"about":[{"href":"https:\/\/broasdecenteio.com.br\/01\/wp-json\/wp\/v2\/types\/post"}],"author":[{"embeddable":true,"href":"https:\/\/broasdecenteio.com.br\/01\/wp-json\/wp\/v2\/users\/1"}],"replies":[{"embeddable":true,"href":"https:\/\/broasdecenteio.com.br\/01\/wp-json\/wp\/v2\/comments?post=1591"}],"version-history":[{"count":4,"href":"https:\/\/broasdecenteio.com.br\/01\/wp-json\/wp\/v2\/posts\/1591\/revisions"}],"predecessor-version":[{"id":1609,"href":"https:\/\/broasdecenteio.com.br\/01\/wp-json\/wp\/v2\/posts\/1591\/revisions\/1609"}],"wp:featuredmedia":[{"embeddable":true,"href":"https:\/\/broasdecenteio.com.br\/01\/wp-json\/wp\/v2\/media\/1601"}],"wp:attachment":[{"href":"https:\/\/broasdecenteio.com.br\/01\/wp-json\/wp\/v2\/media?parent=1591"}],"wp:term":[{"taxonomy":"category","embeddable":true,"href":"https:\/\/broasdecenteio.com.br\/01\/wp-json\/wp\/v2\/categories?post=1591"},{"taxonomy":"post_tag","embeddable":true,"href":"https:\/\/broasdecenteio.com.br\/01\/wp-json\/wp\/v2\/tags?post=1591"}],"curies":[{"name":"wp","href":"https:\/\/api.w.org\/{rel}","templated":true}]}}